{"id":93618,"date":"2018-03-10T03:57:53","date_gmt":"2018-03-10T06:57:53","guid":{"rendered":"http:\/\/diarioregionaljf.com.br\/2018\/03\/10\/atleta-mineira-do-tenis-de-mesa-paralimpico-participa-de-treinamentos-no-centro-paralimpico-brasileiro-em-sao-paulo\/"},"modified":"2018-03-10T03:57:53","modified_gmt":"2018-03-10T06:57:53","slug":"atleta-mineira-do-tenis-de-mesa-paralimpico-participa-de-treinamentos-no-centro-paralimpico-brasileiro-em-sao-paulo","status":"publish","type":"post","link":"https:\/\/diarioregionaldigital.com.br\/?p=93618","title":{"rendered":"Atleta mineira do t\u00eanis de mesa paral\u00edmpico participa de treinamentos no Centro Paral\u00edmpico Brasileiro, em S\u00e3o Paulo"},"content":{"rendered":"<p>Entre os dias 12 e 16 de mar\u00e7o, um grupo de jovens atletas de sete estados (Amazonas, Goi\u00e1s, Minas Gerais, Paran\u00e1, Pernambuco, Santa Catarina e S\u00e3o Paulo) estar\u00e1 reunido de&nbsp; no Centro Paral\u00edmpico Brasileiro, em S\u00e3o Paulo, para uma semana de treinamentos. A programa\u00e7\u00e3o faz parte do programa Diamantes do Futuro, que visa&nbsp;a detec\u00e7\u00e3o e lapida\u00e7\u00e3o de talentos por todo o pa\u00eds. Os atletas selecionados s\u00e3o mesa-tenistas nascidos a partir de 1996 e que se destacaram principalmente na temporada passada no Campeonato Pan-Americano de Jovens, em S\u00e3o Paulo, na Paralimp\u00edada Escolar e em todos os eventos da pr\u00f3pria Confedera\u00e7\u00e3o Brasileira de T\u00eanis de Mesa (CBTM).<\/p>\n<p>Entre os atletas selecionados temos a mineira Maria Laura Freitas de Capit\u00e3o Andrade. Aos 16 anos, Laura \u00e9 destaque nas competi\u00e7\u00f5es em que participa e, devido ao bom desempenho nas&nbsp;Paralimp\u00edadas Escolares 2016, foi convocada para os Jogos Parapan-americanos de Jovens 2017, em S\u00e3o Paulo. Todas essas conquistas resultaram no convite para o Diamantes do Futuro.<\/p>\n<p>Maria Laura iniciou no t\u00eanis de mesa por brincadeira e hoje sonha com os Jogos Ol\u00edmpicos, como afirmou&nbsp;ao&nbsp;Comit\u00ea Paral\u00edmpico Brasileiro:<\/p>\n<p>\u201cMe chamaram para brincar um pouco de t\u00eanis de mesa, eu fui e gostei muito e n\u00e3o quis largar mais\u201d [\u2026] \u201cAgora eu vou treinar muito para ir aos Jogos de T\u00f3quio.\u201d<\/p>\n<p>Fonte: Observat\u00f3rio de Minas Esportivo<\/p>\n","protected":false},"excerpt":{"rendered":"<p>Entre os dias 12 e 16 de mar\u00e7o, um grupo de jovens atletas de sete estados (Amazonas, Goi\u00e1s, Minas Gerais, Paran\u00e1, Pernambuco, Santa Catarina e S\u00e3o Paulo) estar\u00e1 reunido de&nbsp; no Centro Paral\u00edmpico Brasileiro, em S\u00e3o Paulo, para uma semana de treinamentos. A programa\u00e7\u00e3o faz parte do programa Diamantes do Futuro, que visa&nbsp;a detec\u00e7\u00e3o e [&hellip;]<\/p>\n","protected":false},"author":96,"featured_media":93617,"comment_status":"closed","ping_status":"closed","sticky":false,"template":"","format":"standard","meta":{"footnotes":""},"categories":[257],"tags":[],"class_list":["post-93618","post","type-post","status-publish","format-standard","has-post-thumbnail","hentry","category-esporte"],"_links":{"self":[{"href":"https:\/\/diarioregionaldigital.com.br\/index.php?rest_route=\/wp\/v2\/posts\/93618","targetHints":{"allow":["GET"]}}],"collection":[{"href":"https:\/\/diarioregionaldigital.com.br\/index.php?rest_route=\/wp\/v2\/posts"}],"about":[{"href":"https:\/\/diarioregionaldigital.com.br\/index.php?rest_route=\/wp\/v2\/types\/post"}],"author":[{"embeddable":true,"href":"https:\/\/diarioregionaldigital.com.br\/index.php?rest_route=\/wp\/v2\/users\/96"}],"replies":[{"embeddable":true,"href":"https:\/\/diarioregionaldigital.com.br\/index.php?rest_route=%2Fwp%2Fv2%2Fcomments&post=93618"}],"version-history":[{"count":0,"href":"https:\/\/diarioregionaldigital.com.br\/index.php?rest_route=\/wp\/v2\/posts\/93618\/revisions"}],"wp:featuredmedia":[{"embeddable":true,"href":"https:\/\/diarioregionaldigital.com.br\/index.php?rest_route=\/wp\/v2\/media\/93617"}],"wp:attachment":[{"href":"https:\/\/diarioregionaldigital.com.br\/index.php?rest_route=%2Fwp%2Fv2%2Fmedia&parent=93618"}],"wp:term":[{"taxonomy":"category","embeddable":true,"href":"https:\/\/diarioregionaldigital.com.br\/index.php?rest_route=%2Fwp%2Fv2%2Fcategories&post=93618"},{"taxonomy":"post_tag","embeddable":true,"href":"https:\/\/diarioregionaldigital.com.br\/index.php?rest_route=%2Fwp%2Fv2%2Ftags&post=93618"}],"curies":[{"name":"wp","href":"https:\/\/api.w.org\/{rel}","templated":true}]}}