{"id":93616,"date":"2018-03-10T03:54:30","date_gmt":"2018-03-10T06:54:30","guid":{"rendered":"http:\/\/diarioregionaljf.com.br\/2018\/03\/10\/equipes-mineiras-tem-definidos-os-adversarios-na-segunda-fase\/"},"modified":"2018-03-10T03:54:30","modified_gmt":"2018-03-10T06:54:30","slug":"equipes-mineiras-tem-definidos-os-adversarios-na-segunda-fase","status":"publish","type":"post","link":"https:\/\/diarioregionaldigital.com.br\/?p=93616","title":{"rendered":"Equipes mineiras t\u00eam definidos os advers\u00e1rios na segunda fase"},"content":{"rendered":"<p>Classificados para a segunda fase da Copa do Brasil, Atl\u00e9tico, Uberl\u00e2ndia e Boa Esporte j\u00e1 t\u00eam definidos os seus advers\u00e1rios na pr\u00f3xima etapa da competi\u00e7\u00e3o, que tem jogos previstos para os dias 14 e 15, 20 e 21 de fevereiro.<\/p>\n<p>O Atl\u00e9tico, que superou o Atl\u00e9tico-AC, vai enfrentar o Botafogo-PB. A partida est\u00e1 marcada para o est\u00e1dio Jos\u00e9 Am\u00e9rico de Almeida Filho, o Almeid\u00e3o, em Jo\u00e3o Pessoa, na Para\u00edba. A equipe paraibana garantiu vaga na segunda fase da Copa do Brasil depois de eliminar o Floresta-CE.<\/p>\n<p>O Uberl\u00e2ndia, que eliminou o Ituano-SP, vai enfrentar o Coritiba, que passou pelo Parnahyba-PI. A partida est\u00e1 marcada para o est\u00e1dio Parque do Sabi\u00e1, em Uberl\u00e2ndia. J\u00e1 o Boa Esporte, que garantiu vaga depois de passar pelo Vit\u00f3ria da Conquista-BA, enfrenta o Goi\u00e1s.<\/p>\n<p>A equipe esmeraldina garantiu sua vaga depois de passar pelo Sinop-MT. Este confronto ainda n\u00e3o tem o local definido, o que deve acontecer nesta quinta-feira. A segunda fase da Copa do Brasil tamb\u00e9m ser\u00e1 disputada em jogo \u00fanico. Em caso de empate, a decis\u00e3o da vaga ser\u00e1 nos p\u00eanaltis.<\/p>\n<p>URT e Caldense tamb\u00e9m disputaram a primeira fase da Copa do Brasil. A Veterana acabou eliminada pelo Fluminense e o Pato caiu para o Paran\u00e1. O Cruzeiro, campe\u00e3o da Copa do Brasil em 2017, e o Am\u00e9rica, campe\u00e3o da S\u00e9rie B, v\u00e3o entrar na competi\u00e7\u00e3o a partir da fase de oitavas de final.&nbsp;<\/p>\n","protected":false},"excerpt":{"rendered":"<p>Classificados para a segunda fase da Copa do Brasil, Atl\u00e9tico, Uberl\u00e2ndia e Boa Esporte j\u00e1 t\u00eam definidos os seus advers\u00e1rios na pr\u00f3xima etapa da competi\u00e7\u00e3o, que tem jogos previstos para os dias 14 e 15, 20 e 21 de fevereiro. O Atl\u00e9tico, que superou o Atl\u00e9tico-AC, vai enfrentar o Botafogo-PB. A partida est\u00e1 marcada para [&hellip;]<\/p>\n","protected":false},"author":96,"featured_media":93615,"comment_status":"closed","ping_status":"closed","sticky":false,"template":"","format":"standard","meta":{"footnotes":""},"categories":[257],"tags":[],"class_list":["post-93616","post","type-post","status-publish","format-standard","has-post-thumbnail","hentry","category-esporte"],"_links":{"self":[{"href":"https:\/\/diarioregionaldigital.com.br\/index.php?rest_route=\/wp\/v2\/posts\/93616","targetHints":{"allow":["GET"]}}],"collection":[{"href":"https:\/\/diarioregionaldigital.com.br\/index.php?rest_route=\/wp\/v2\/posts"}],"about":[{"href":"https:\/\/diarioregionaldigital.com.br\/index.php?rest_route=\/wp\/v2\/types\/post"}],"author":[{"embeddable":true,"href":"https:\/\/diarioregionaldigital.com.br\/index.php?rest_route=\/wp\/v2\/users\/96"}],"replies":[{"embeddable":true,"href":"https:\/\/diarioregionaldigital.com.br\/index.php?rest_route=%2Fwp%2Fv2%2Fcomments&post=93616"}],"version-history":[{"count":0,"href":"https:\/\/diarioregionaldigital.com.br\/index.php?rest_route=\/wp\/v2\/posts\/93616\/revisions"}],"wp:featuredmedia":[{"embeddable":true,"href":"https:\/\/diarioregionaldigital.com.br\/index.php?rest_route=\/wp\/v2\/media\/93615"}],"wp:attachment":[{"href":"https:\/\/diarioregionaldigital.com.br\/index.php?rest_route=%2Fwp%2Fv2%2Fmedia&parent=93616"}],"wp:term":[{"taxonomy":"category","embeddable":true,"href":"https:\/\/diarioregionaldigital.com.br\/index.php?rest_route=%2Fwp%2Fv2%2Fcategories&post=93616"},{"taxonomy":"post_tag","embeddable":true,"href":"https:\/\/diarioregionaldigital.com.br\/index.php?rest_route=%2Fwp%2Fv2%2Ftags&post=93616"}],"curies":[{"name":"wp","href":"https:\/\/api.w.org\/{rel}","templated":true}]}}