{"id":93614,"date":"2018-03-10T03:48:03","date_gmt":"2018-03-10T06:48:03","guid":{"rendered":"http:\/\/diarioregionaljf.com.br\/2018\/03\/10\/danca-esporte-e-artesanato-abrem-programacao-comemorativa-dos-tres-anos-da-praca-ceu\/"},"modified":"2018-03-10T03:48:03","modified_gmt":"2018-03-10T06:48:03","slug":"danca-esporte-e-artesanato-abrem-programacao-comemorativa-dos-tres-anos-da-praca-ceu","status":"publish","type":"post","link":"https:\/\/diarioregionaldigital.com.br\/?p=93614","title":{"rendered":"Dan\u00e7a, esporte e artesanato abrem programa\u00e7\u00e3o comemorativa dos tr\u00eas anos da Pra\u00e7a CEU"},"content":{"rendered":"<p>As comemora\u00e7\u00f5es pelos tr\u00eas anos de funcionamento do Centro de Artes e Esportes Unificados \u201cCoronel Adelmir Romualdo de Oliveira\u201d (Pra\u00e7a CEU &#8211; Avenida Juscelino Kubitschek, 5.899 \u2013 Benfica) ter\u00e3o in\u00edcio no s\u00e1bado, 10, e seguem at\u00e9 o pr\u00f3ximo dia 24. Refer\u00eancia de cultura, esporte e lazer na zona zorte, o equipamento urbano foi inaugurado em 15 de mar\u00e7o de 2015, em parceria do Governo federal e a Prefeitura de Juiz de Fora.<\/p>\n<p> A programa\u00e7\u00e3o deste s\u00e1bado come\u00e7a com aul\u00f5es de dan\u00e7a a c\u00e9u aberto, a partir das 8 horas. \u00c0s 9h30, acontece um amistoso de futsal, com participa\u00e7\u00e3o de 50 alunos do CEU, divididos em tr\u00eas categorias: Sub-7, Sub-11 e Sub-13, e dois times convidados. Tamb\u00e9m no s\u00e1bado, das 9 horas ao meio-dia, o p\u00fablico poder\u00e1 prestigiar a \u201cFeira de Artesanato\u201d, que acontece mensalmente na pra\u00e7a. Os produtos s\u00e3o feitos por 120 alunos das oficinas de artesanato (adultos e terceira idade), que utilizam os recursos obtidos com a venda para complementar a renda familiar.<\/p>\n<p> O coordenador-geral do CEU, Andr\u00e9 Noronha, explica que o restante da programa\u00e7\u00e3o ser\u00e1 divulgado oportunamente. Segundo ele, al\u00e9m de festejar o anivers\u00e1rio da pra\u00e7a, os eventos s\u00e3o uma oportunidade de promover maior inclus\u00e3o e estreitar as rela\u00e7\u00f5es com a comunidade. \u201cEstamos possibilitando que haja a pr\u00e1tica dos conhecimentos adquiridos nas oficinas, visando a estimular o interesse de pessoas de todas as idades pelo esporte e pela cultura\u201d.<\/p>\n<p><strong>Fonte: Assessoria\/SEL<\/strong><\/p>\n","protected":false},"excerpt":{"rendered":"<p>As comemora\u00e7\u00f5es pelos tr\u00eas anos de funcionamento do Centro de Artes e Esportes Unificados \u201cCoronel Adelmir Romualdo de Oliveira\u201d (Pra\u00e7a CEU &#8211; Avenida Juscelino Kubitschek, 5.899 \u2013 Benfica) ter\u00e3o in\u00edcio no s\u00e1bado, 10, e seguem at\u00e9 o pr\u00f3ximo dia 24. Refer\u00eancia de cultura, esporte e lazer na zona zorte, o equipamento urbano foi inaugurado em [&hellip;]<\/p>\n","protected":false},"author":96,"featured_media":93613,"comment_status":"closed","ping_status":"closed","sticky":false,"template":"","format":"standard","meta":{"footnotes":""},"categories":[257],"tags":[],"class_list":["post-93614","post","type-post","status-publish","format-standard","has-post-thumbnail","hentry","category-esporte"],"_links":{"self":[{"href":"https:\/\/diarioregionaldigital.com.br\/index.php?rest_route=\/wp\/v2\/posts\/93614","targetHints":{"allow":["GET"]}}],"collection":[{"href":"https:\/\/diarioregionaldigital.com.br\/index.php?rest_route=\/wp\/v2\/posts"}],"about":[{"href":"https:\/\/diarioregionaldigital.com.br\/index.php?rest_route=\/wp\/v2\/types\/post"}],"author":[{"embeddable":true,"href":"https:\/\/diarioregionaldigital.com.br\/index.php?rest_route=\/wp\/v2\/users\/96"}],"replies":[{"embeddable":true,"href":"https:\/\/diarioregionaldigital.com.br\/index.php?rest_route=%2Fwp%2Fv2%2Fcomments&post=93614"}],"version-history":[{"count":0,"href":"https:\/\/diarioregionaldigital.com.br\/index.php?rest_route=\/wp\/v2\/posts\/93614\/revisions"}],"wp:featuredmedia":[{"embeddable":true,"href":"https:\/\/diarioregionaldigital.com.br\/index.php?rest_route=\/wp\/v2\/media\/93613"}],"wp:attachment":[{"href":"https:\/\/diarioregionaldigital.com.br\/index.php?rest_route=%2Fwp%2Fv2%2Fmedia&parent=93614"}],"wp:term":[{"taxonomy":"category","embeddable":true,"href":"https:\/\/diarioregionaldigital.com.br\/index.php?rest_route=%2Fwp%2Fv2%2Fcategories&post=93614"},{"taxonomy":"post_tag","embeddable":true,"href":"https:\/\/diarioregionaldigital.com.br\/index.php?rest_route=%2Fwp%2Fv2%2Ftags&post=93614"}],"curies":[{"name":"wp","href":"https:\/\/api.w.org\/{rel}","templated":true}]}}