{"id":93612,"date":"2018-03-10T03:44:09","date_gmt":"2018-03-10T06:44:09","guid":{"rendered":"http:\/\/diarioregionaljf.com.br\/2018\/03\/10\/jogos-intercolegiais-novidades-sao-tema-de-primeira-reuniao-geral-da-25-edicao\/"},"modified":"2018-03-10T03:44:09","modified_gmt":"2018-03-10T06:44:09","slug":"jogos-intercolegiais-novidades-sao-tema-de-primeira-reuniao-geral-da-25-edicao","status":"publish","type":"post","link":"https:\/\/diarioregionaldigital.com.br\/?p=93612","title":{"rendered":"Jogos Intercolegiais: novidades s\u00e3o tema de primeira reuni\u00e3o geral da 25\u00aa edi\u00e7\u00e3o"},"content":{"rendered":"<p>Na quarta-feira, 7, cerca de 60 institui\u00e7\u00f5es participaram da reuni\u00e3o geral que d\u00e1 in\u00edcio \u00e0 25\u00aa edi\u00e7\u00e3o dos Jogos Intercolegiais, a fim de avaliar a edi\u00e7\u00e3o 2017, o regulamento e cronograma para 2018.<\/p>\n<p> De acordo com a coordena\u00e7\u00e3o o in\u00edcio dos Jogos est\u00e1 previsto para abril. A expectativa \u00e9 que este ano os Jogos Intercolegiais possam superar o sucesso do ano passado, com a participa\u00e7\u00e3o de 72 escolas, tendo aproximadamente 4600 alunos-atletas envolvidos em 12 modalidades.<\/p>\n<p> A novidade desta edi\u00e7\u00e3o \u00e9 que haver\u00e1 uma classifica\u00e7\u00e3o por rede de ensino, premiando, ao final do ano, as 1\u00aa, 2\u00aa e 3\u00aa escolas das redes particular, municipal, estadual e federal.<\/p>\n<p> <strong>Jogos Intercolegiais<\/strong><\/p>\n<p> T\u00eam por finalidade incentivar a participa\u00e7\u00e3o das institui\u00e7\u00f5es de ensino de Juiz de Fora em atividades esportivas, promover a ampla mobiliza\u00e7\u00e3o da juventude estudantil em torno do esporte e promover a integra\u00e7\u00e3o entre os estudantes com idade escolar da cidade. A competi\u00e7\u00e3o envolve alunos na faixa et\u00e1ria entre 12 e 17 anos da rede p\u00fablica municipal, estadual, federal e da rede particular do munic\u00edpio de Juiz de Fora. S\u00e3o disputadas modalidades individuais e coletivas, al\u00e9m de provas paral\u00edmpicas.<\/p>\n<p> Os jogos fundamentam-se nos princ\u00edpios de valoriza\u00e7\u00e3o do esporte escolar, tais como: participa\u00e7\u00e3o, coopera\u00e7\u00e3o, emancipa\u00e7\u00e3o e inclus\u00e3o, norteadores da constru\u00e7\u00e3o e realiza\u00e7\u00e3o das a\u00e7\u00f5es que, antes de tudo, s\u00e3o pedag\u00f3gicas, contribuindo para a forma\u00e7\u00e3o cidad\u00e3 dos estudantes. A competi\u00e7\u00e3o estabelece conson\u00e2ncia com os princ\u00edpios educacionais, ao valorizar a corporeidade, o l\u00fadico, os esportes e o movimento de forma\u00e7\u00e3o humana, contribuindo para a forma\u00e7\u00e3o integral dos alunos.&nbsp;<\/p>\n","protected":false},"excerpt":{"rendered":"<p>Na quarta-feira, 7, cerca de 60 institui\u00e7\u00f5es participaram da reuni\u00e3o geral que d\u00e1 in\u00edcio \u00e0 25\u00aa edi\u00e7\u00e3o dos Jogos Intercolegiais, a fim de avaliar a edi\u00e7\u00e3o 2017, o regulamento e cronograma para 2018. De acordo com a coordena\u00e7\u00e3o o in\u00edcio dos Jogos est\u00e1 previsto para abril. A expectativa \u00e9 que este ano os Jogos Intercolegiais [&hellip;]<\/p>\n","protected":false},"author":96,"featured_media":93611,"comment_status":"closed","ping_status":"closed","sticky":false,"template":"","format":"standard","meta":{"footnotes":""},"categories":[257],"tags":[],"class_list":["post-93612","post","type-post","status-publish","format-standard","has-post-thumbnail","hentry","category-esporte"],"_links":{"self":[{"href":"https:\/\/diarioregionaldigital.com.br\/index.php?rest_route=\/wp\/v2\/posts\/93612","targetHints":{"allow":["GET"]}}],"collection":[{"href":"https:\/\/diarioregionaldigital.com.br\/index.php?rest_route=\/wp\/v2\/posts"}],"about":[{"href":"https:\/\/diarioregionaldigital.com.br\/index.php?rest_route=\/wp\/v2\/types\/post"}],"author":[{"embeddable":true,"href":"https:\/\/diarioregionaldigital.com.br\/index.php?rest_route=\/wp\/v2\/users\/96"}],"replies":[{"embeddable":true,"href":"https:\/\/diarioregionaldigital.com.br\/index.php?rest_route=%2Fwp%2Fv2%2Fcomments&post=93612"}],"version-history":[{"count":0,"href":"https:\/\/diarioregionaldigital.com.br\/index.php?rest_route=\/wp\/v2\/posts\/93612\/revisions"}],"wp:featuredmedia":[{"embeddable":true,"href":"https:\/\/diarioregionaldigital.com.br\/index.php?rest_route=\/wp\/v2\/media\/93611"}],"wp:attachment":[{"href":"https:\/\/diarioregionaldigital.com.br\/index.php?rest_route=%2Fwp%2Fv2%2Fmedia&parent=93612"}],"wp:term":[{"taxonomy":"category","embeddable":true,"href":"https:\/\/diarioregionaldigital.com.br\/index.php?rest_route=%2Fwp%2Fv2%2Fcategories&post=93612"},{"taxonomy":"post_tag","embeddable":true,"href":"https:\/\/diarioregionaldigital.com.br\/index.php?rest_route=%2Fwp%2Fv2%2Ftags&post=93612"}],"curies":[{"name":"wp","href":"https:\/\/api.w.org\/{rel}","templated":true}]}}