{"id":93610,"date":"2018-03-10T03:38:32","date_gmt":"2018-03-10T06:38:32","guid":{"rendered":"http:\/\/diarioregionaljf.com.br\/2018\/03\/10\/settra-disponibiliza-onibus-extras-para-jogos-no-estadio-municipal-neste-fim-de-semana\/"},"modified":"2018-03-10T03:38:32","modified_gmt":"2018-03-10T06:38:32","slug":"settra-disponibiliza-onibus-extras-para-jogos-no-estadio-municipal-neste-fim-de-semana","status":"publish","type":"post","link":"https:\/\/diarioregionaldigital.com.br\/?p=93610","title":{"rendered":"Settra disponibiliza \u00f4nibus extras para jogos no Est\u00e1dio Municipal neste fim de semana"},"content":{"rendered":"<p>Para atender os torcedores que prestigiar\u00e3o as partidas do Tupynamb\u00e1s contra o Ipatinga, neste s\u00e1bado, 10, \u00e0s 11 horas, e do Tupi contra o Democrata, no domingo, 11, \u00e0s 17 horas, ambas no Est\u00e1dio Municipal \u201cRadialista M\u00e1rio Hel\u00eanio, a Secretaria de Transporte e Tr\u00e2nsito (Settra) da Prefeitura de Juiz de Fora (PJF) disponibilizar\u00e1 \u00f4nibus extras.<\/p>\n<p> A partir das 9h30 de s\u00e1bado, os carros da Linha 517 (Est\u00e1dio) sair\u00e3o da Avenida Presidente Itamar Franco, em frente \u00e0 Ag\u00eancia de Prote\u00e7\u00e3o e Defesa do Consumidor (Procon). J\u00e1 no domingo, os ve\u00edculos come\u00e7ar\u00e3o a rodar a partir das 15h30, partindo do mesmo local.<\/p>\n<p> O trajeto nos dois dias, no sentido Centro\/bairro, ser\u00e1 pelas avenidas Presidente Itamar Franco e Eug\u00eanio do Nascimento, at\u00e9 o est\u00e1dio. Na volta, o percurso ser\u00e1 pelas avenidas Eug\u00eanio do Nascimento e Presidente Itamar Franco, Brasil (margem direita), Ponte Nelson Silva, Avenida Brasil (margem esquerda), Ponte Ant\u00f4nio Carlos e Avenida Presidente Itamar Franco (em frente ao Procon).<\/p>\n<p> Em ambos os dias, ser\u00e1 permitido embarque ao longo do trajeto, e cobrada tarifa normal, de R$ 3,10.<\/p>\n","protected":false},"excerpt":{"rendered":"<p>Para atender os torcedores que prestigiar\u00e3o as partidas do Tupynamb\u00e1s contra o Ipatinga, neste s\u00e1bado, 10, \u00e0s 11 horas, e do Tupi contra o Democrata, no domingo, 11, \u00e0s 17 horas, ambas no Est\u00e1dio Municipal \u201cRadialista M\u00e1rio Hel\u00eanio, a Secretaria de Transporte e Tr\u00e2nsito (Settra) da Prefeitura de Juiz de Fora (PJF) disponibilizar\u00e1 \u00f4nibus extras. [&hellip;]<\/p>\n","protected":false},"author":96,"featured_media":93609,"comment_status":"closed","ping_status":"closed","sticky":false,"template":"","format":"standard","meta":{"footnotes":""},"categories":[257],"tags":[],"class_list":["post-93610","post","type-post","status-publish","format-standard","has-post-thumbnail","hentry","category-esporte"],"_links":{"self":[{"href":"https:\/\/diarioregionaldigital.com.br\/index.php?rest_route=\/wp\/v2\/posts\/93610","targetHints":{"allow":["GET"]}}],"collection":[{"href":"https:\/\/diarioregionaldigital.com.br\/index.php?rest_route=\/wp\/v2\/posts"}],"about":[{"href":"https:\/\/diarioregionaldigital.com.br\/index.php?rest_route=\/wp\/v2\/types\/post"}],"author":[{"embeddable":true,"href":"https:\/\/diarioregionaldigital.com.br\/index.php?rest_route=\/wp\/v2\/users\/96"}],"replies":[{"embeddable":true,"href":"https:\/\/diarioregionaldigital.com.br\/index.php?rest_route=%2Fwp%2Fv2%2Fcomments&post=93610"}],"version-history":[{"count":0,"href":"https:\/\/diarioregionaldigital.com.br\/index.php?rest_route=\/wp\/v2\/posts\/93610\/revisions"}],"wp:featuredmedia":[{"embeddable":true,"href":"https:\/\/diarioregionaldigital.com.br\/index.php?rest_route=\/wp\/v2\/media\/93609"}],"wp:attachment":[{"href":"https:\/\/diarioregionaldigital.com.br\/index.php?rest_route=%2Fwp%2Fv2%2Fmedia&parent=93610"}],"wp:term":[{"taxonomy":"category","embeddable":true,"href":"https:\/\/diarioregionaldigital.com.br\/index.php?rest_route=%2Fwp%2Fv2%2Fcategories&post=93610"},{"taxonomy":"post_tag","embeddable":true,"href":"https:\/\/diarioregionaldigital.com.br\/index.php?rest_route=%2Fwp%2Fv2%2Ftags&post=93610"}],"curies":[{"name":"wp","href":"https:\/\/api.w.org\/{rel}","templated":true}]}}