{"id":93606,"date":"2018-03-10T01:23:14","date_gmt":"2018-03-10T04:23:14","guid":{"rendered":"http:\/\/diarioregionaljf.com.br\/2018\/03\/10\/reforma-do-pis-cofins-deve-levar-dois-anos-diz-secretario-da-fazenda\/"},"modified":"2018-03-10T01:23:14","modified_gmt":"2018-03-10T04:23:14","slug":"reforma-do-pis-cofins-deve-levar-dois-anos-diz-secretario-da-fazenda","status":"publish","type":"post","link":"https:\/\/diarioregionaldigital.com.br\/?p=93606","title":{"rendered":"Reforma do PIS\/Cofins deve levar dois anos, diz secret\u00e1rio da Fazenda"},"content":{"rendered":"<p>A implementa\u00e7\u00e3o da reforma do Programa de Integra\u00e7\u00e3o Social (PIS) e da Contribui\u00e7\u00e3o para o Financiamento da Seguridade Social (PIS\/Cofins) deve levar pelo menos dois anos, afirmou o secret\u00e1rio-executivo do Minist\u00e9rio da Fazenda, Eduardo Guardia, no Semin\u00e1rio Internacional AGU 25 Anos\u201d. De acordo com o secret\u00e1rio, o projeto, em elabora\u00e7\u00e3o pelo governo, j\u00e1 est\u00e1 \u201cmaduro\u201d para ser encaminhado ao Congresso Nacional.<\/p>\n<p>PIS e Cofins s\u00e3o contribui\u00e7\u00f5es federais que incidem sobre a receita bruta auferida pela pessoa jur\u00eddica. Incidem tanto sobre o faturamento ou o auferimento de receitas para pessoas jur\u00eddicas de direito privado; sobre o pagamento da folha de sal\u00e1rios para entidades de relev\u00e2ncia social determinadas em lei; e sobre a arrecada\u00e7\u00e3o mensal de receitas correntes e o recebimento mensal de recursos para entidades de direito p\u00fablico.<\/p>\n<p>Segundo o secret\u00e1rio, por ter regras \u201cextremamente complexas\u201d sobre o c\u00e1lculo do cr\u00e9dito tribut\u00e1rio, h\u00e1 muitos processos. Ele acrescentou que atualmente 80% dos lit\u00edgios no Conselho Administrativo de Recursos Fiscais (Carf) s\u00e3o sobre Pis\/Cofins. \u201cEsse n\u00famero fala por si s\u00f3. Tem algo errado na pr\u00f3pria regulamenta\u00e7\u00e3o. N\u00f3s precisamos simplificar\u201d, disse o secret\u00e1rio.<\/p>\n<p>Guardia disse ainda que seria ideal a fus\u00e3o do PIS-Cofins com o Imposto sobre Circula\u00e7\u00e3o de Mercadorias e Servi\u00e7os (ICMS) e o Imposto sobre Servi\u00e7os (ISS), mas essa mudan\u00e7a seria complexa por envolver estados e munic\u00edpios. De acordo com Guaria, a reforma do PIS\/Cofins vai \u201cfacilitar qualquer reforma tribut\u00e1ria\u201d. \u201cIsso vai reduzir custo de cumprimento das obriga\u00e7\u00f5es tribut\u00e1rias, vai reduzir lit\u00edgios\u201d.<\/p>\n<p>Guardia acrescentou que a reforma do PIS\/Cofins ser\u00e1 feita em duas etapas. \u201cPrimeiro, faremos do PIS para n\u00e3o ter erro de calibragem nessa nova al\u00edquota e, depois, a gente faz o Cofins. Ent\u00e3o, \u00e9 uma reforma em duas fases que vai levar pelo menos dois anos para implementar. \u00c9 melhor ir devagar e rumar na dire\u00e7\u00e3o correta\u201d, disse.<br \/>No \u00faltimo dia 6, o secret\u00e1rio da Receita Federal, Jorge Rachid, j\u00e1 tinha sinalizado que a unifica\u00e7\u00e3o das contribui\u00e7\u00f5es ser\u00e1 feita em etapas.<\/p>\n<p>As duas contribui\u00e7\u00f5es equivalem a quase 4% do Produto Interno Bruto (PIB \u2013 a soma de todas as riquezas produzidas no pa\u00eds). O PIS equivale a quase 1% do PIB.<\/p>\n<hr \/>\n<p>&nbsp;Fonte: Ag\u00eancia Brasil<\/p>\n","protected":false},"excerpt":{"rendered":"<p>A implementa\u00e7\u00e3o da reforma do Programa de Integra\u00e7\u00e3o Social (PIS) e da Contribui\u00e7\u00e3o para o Financiamento da Seguridade Social (PIS\/Cofins) deve levar pelo menos dois anos, afirmou o secret\u00e1rio-executivo do Minist\u00e9rio da Fazenda, Eduardo Guardia, no Semin\u00e1rio Internacional AGU 25 Anos\u201d. De acordo com o secret\u00e1rio, o projeto, em elabora\u00e7\u00e3o pelo governo, j\u00e1 est\u00e1 \u201cmaduro\u201d [&hellip;]<\/p>\n","protected":false},"author":96,"featured_media":93605,"comment_status":"closed","ping_status":"closed","sticky":false,"template":"","format":"standard","meta":{"footnotes":""},"categories":[261],"tags":[],"class_list":["post-93606","post","type-post","status-publish","format-standard","has-post-thumbnail","hentry","category-economia"],"_links":{"self":[{"href":"https:\/\/diarioregionaldigital.com.br\/index.php?rest_route=\/wp\/v2\/posts\/93606","targetHints":{"allow":["GET"]}}],"collection":[{"href":"https:\/\/diarioregionaldigital.com.br\/index.php?rest_route=\/wp\/v2\/posts"}],"about":[{"href":"https:\/\/diarioregionaldigital.com.br\/index.php?rest_route=\/wp\/v2\/types\/post"}],"author":[{"embeddable":true,"href":"https:\/\/diarioregionaldigital.com.br\/index.php?rest_route=\/wp\/v2\/users\/96"}],"replies":[{"embeddable":true,"href":"https:\/\/diarioregionaldigital.com.br\/index.php?rest_route=%2Fwp%2Fv2%2Fcomments&post=93606"}],"version-history":[{"count":0,"href":"https:\/\/diarioregionaldigital.com.br\/index.php?rest_route=\/wp\/v2\/posts\/93606\/revisions"}],"wp:featuredmedia":[{"embeddable":true,"href":"https:\/\/diarioregionaldigital.com.br\/index.php?rest_route=\/wp\/v2\/media\/93605"}],"wp:attachment":[{"href":"https:\/\/diarioregionaldigital.com.br\/index.php?rest_route=%2Fwp%2Fv2%2Fmedia&parent=93606"}],"wp:term":[{"taxonomy":"category","embeddable":true,"href":"https:\/\/diarioregionaldigital.com.br\/index.php?rest_route=%2Fwp%2Fv2%2Fcategories&post=93606"},{"taxonomy":"post_tag","embeddable":true,"href":"https:\/\/diarioregionaldigital.com.br\/index.php?rest_route=%2Fwp%2Fv2%2Ftags&post=93606"}],"curies":[{"name":"wp","href":"https:\/\/api.w.org\/{rel}","templated":true}]}}