{"id":93604,"date":"2018-03-10T00:07:45","date_gmt":"2018-03-10T03:07:45","guid":{"rendered":"http:\/\/diarioregionaljf.com.br\/2018\/03\/10\/reencontro-musical\/"},"modified":"2018-03-10T00:07:45","modified_gmt":"2018-03-10T03:07:45","slug":"reencontro-musical","status":"publish","type":"post","link":"https:\/\/diarioregionaldigital.com.br\/?p=93604","title":{"rendered":"Reencontro musical"},"content":{"rendered":"<h4 style=\"text-align: center;\">Reencontro Musical<\/h4>\n<p style=\"text-align: center;\">Seis anos depois de romper com Jaime Al\u00e9m, seu diretor musical por 20 anos, Maria Beth\u00e2nia vai retomar a parceria. A cantora convidou o maestro para acompanh\u00e1-la na turn\u00ea que far\u00e1 ao lado de Zeca Pagodinho. Os dois come\u00e7aram a trabalhar juntos em 1982, quando ele passou a criar os arranjos para o backing vocal dos shows.<\/p>\n<p style=\"text-align: center;\">&nbsp;<\/p>\n<h4 style=\"text-align: center;\">Show<\/h4>\n<p style=\"text-align: center;\">Usando como cen\u00e1rio o Cultural Bar, a diva Sandra Portella faz show convidando o compositor e cantor carioca Moacyr Luz. Ser\u00e1 no s\u00e1bado, 17 de mar\u00e7o, \u00e0s 23h. Haver\u00e1 abertura com a Bateria da Mocidade Alegre e fechamento com Forrozeta. Os amigos e f\u00e3s j\u00e1 mobilizam alto astral e marcar\u00e3o presen\u00e7a, pois \u00e9 prioridade.<\/p>\n<p>&nbsp;<\/p>\n<h4 style=\"text-align: center;\">Partidos<\/h4>\n<p style=\"text-align: center;\">N\u00e3o pegou. Em dezembro, o PMDB mudou de nome oficialmente. Mas ningu\u00e9m na c\u00fapula do partido consegue chamar o PMDB de MDB. Num almo\u00e7o, na semana passada no Planalto, Michel Temer e Moreira Franco reconheceram que a coisa n\u00e3o pegou e que n\u00e3o viram muito sentido na troca.<\/p>\n<p>&nbsp;<\/p>\n<h4 style=\"text-align: center;\">Vibe Indiana<\/h4>\n<p style=\"text-align: center;\">Famosa pelas bijoux que evocam elementos de f\u00e9 brasileiros, a designer carioca Julia Gastin lan\u00e7a, em maio, sua primeira cole\u00e7\u00e3o de roupas, em parceria com a Cru Ateli\u00ea. As pe\u00e7as est\u00e3o sendo produzidos na \u00cdndia.<\/p>\n<p>&nbsp;<\/p>\n<h4 style=\"text-align: center;\">Encontro<\/h4>\n<p style=\"text-align: center;\">Mestre Cuca de m\u00e3o cheia, o \u2018chef\u2019 Wanei Rocha abriu o Bar da F\u00e1brica e preparou uma \u201cpaella mineira\u201d dos deuses. Foi em torno do lan\u00e7amento do livro \u201cA cidade dorme\u201d, de Luiz Ruffato, com direito a \u2018canja\u2019 musical de Luizinho Lopes\u2019.<\/p>\n<p>&nbsp;<\/p>\n<hr \/>\n<p>&nbsp;<\/p>\n<p><img loading=\"lazy\" decoding=\"async\" class=\" size-full wp-image-93593\" src=\"http:\/\/diarioregionaljf.com.br\/wp-content\/uploads\/2018\/03\/diario-int-24953-1.jpg\" alt=\"fotoa.jpg\" width=\"426\" height=\"284\" style=\"display: block; margin-left: auto; margin-right: auto;\" srcset=\"https:\/\/diarioregionaldigital.com.br\/wp-content\/uploads\/2018\/03\/diario-int-24953-1.jpg 550w, https:\/\/diarioregionaldigital.com.br\/wp-content\/uploads\/2018\/03\/diario-int-24953-1-300x200.jpg 300w, https:\/\/diarioregionaldigital.com.br\/wp-content\/uploads\/2018\/03\/diario-int-24953-1-360x240.jpg 360w\" sizes=\"auto, (max-width: 426px) 100vw, 426px\" \/><\/p>\n<p style=\"text-align: center;\">Juntos prestigiando a Tarde Solid\u00e1ria para Sopa dos Pobres no Tupi, Helenice Machado, Toddynho, Sandra Portella, Eduardo Gomes e Mestre Jansen<\/p>\n<p>&nbsp;<\/p>\n<p><img loading=\"lazy\" decoding=\"async\" class=\" size-full wp-image-93594\" src=\"http:\/\/diarioregionaljf.com.br\/wp-content\/uploads\/2018\/03\/diario-int-24953-2.jpg\" alt=\"fotob.jpg\" width=\"453\" height=\"302\" style=\"display: block; margin-left: auto; margin-right: auto;\" srcset=\"https:\/\/diarioregionaldigital.com.br\/wp-content\/uploads\/2018\/03\/diario-int-24953-2.jpg 675w, https:\/\/diarioregionaldigital.com.br\/wp-content\/uploads\/2018\/03\/diario-int-24953-2-300x200.jpg 300w, https:\/\/diarioregionaldigital.com.br\/wp-content\/uploads\/2018\/03\/diario-int-24953-2-360x240.jpg 360w\" sizes=\"auto, (max-width: 453px) 100vw, 453px\" \/><\/p>\n<p style=\"text-align: center;\">Homens elegantes e de talento na Igreja S\u00e3o Jos\u00e9, Mateus Marchiote, L\u00e9o Miroudo (noivo) e Wallace Corr\u00eaa<\/p>\n<p>&nbsp;<\/p>\n<p style=\"text-align: center;\"><img loading=\"lazy\" decoding=\"async\" class=\" size-full wp-image-93595\" src=\"http:\/\/diarioregionaljf.com.br\/wp-content\/uploads\/2018\/03\/diario-int-24953-3.jpg\" alt=\"fotoc.jpg\" width=\"250\" height=\"450\" srcset=\"https:\/\/diarioregionaldigital.com.br\/wp-content\/uploads\/2018\/03\/diario-int-24953-3.jpg 250w, https:\/\/diarioregionaldigital.com.br\/wp-content\/uploads\/2018\/03\/diario-int-24953-3-167x300.jpg 167w\" sizes=\"auto, (max-width: 250px) 100vw, 250px\" \/><\/p>\n<p style=\"text-align: center;\">Em ritmo de compras na loja M. Marques, o jovem Rodrigo Machado<\/p>\n<p>&nbsp;<\/p>\n<p><img loading=\"lazy\" decoding=\"async\" class=\" size-full wp-image-93596\" src=\"http:\/\/diarioregionaljf.com.br\/wp-content\/uploads\/2018\/03\/diario-int-24953-4.jpg\" alt=\"fotod.jpg\" width=\"277\" height=\"369\" style=\"display: block; margin-left: auto; margin-right: auto;\" srcset=\"https:\/\/diarioregionaldigital.com.br\/wp-content\/uploads\/2018\/03\/diario-int-24953-4.jpg 338w, https:\/\/diarioregionaldigital.com.br\/wp-content\/uploads\/2018\/03\/diario-int-24953-4-225x300.jpg 225w\" sizes=\"auto, (max-width: 277px) 100vw, 277px\" \/><\/p>\n<p style=\"text-align: center;\">O charme capotante de Cl\u00e1udia Nunes e a filha Lilia Nunes, em Santa Teresa, no Rio<\/p>\n<p>&nbsp;<\/p>\n<p><img loading=\"lazy\" decoding=\"async\" class=\" size-full wp-image-93597\" src=\"http:\/\/diarioregionaljf.com.br\/wp-content\/uploads\/2018\/03\/diario-int-24953-5.jpg\" alt=\"fotoe.jpg\" width=\"354\" height=\"381\" style=\"display: block; margin-left: auto; margin-right: auto;\" srcset=\"https:\/\/diarioregionaldigital.com.br\/wp-content\/uploads\/2018\/03\/diario-int-24953-5.jpg 418w, https:\/\/diarioregionaldigital.com.br\/wp-content\/uploads\/2018\/03\/diario-int-24953-5-279x300.jpg 279w, https:\/\/diarioregionaldigital.com.br\/wp-content\/uploads\/2018\/03\/diario-int-24953-5-360x388.jpg 360w\" sizes=\"auto, (max-width: 354px) 100vw, 354px\" \/><\/p>\n<p style=\"text-align: center;\">Aniversariante de destaque da semana o bonito coiffeur do sal\u00e3o Andr\u00e9 Pavan em Cabo Frio, Igor Juliani<\/p>\n<p>&nbsp;<\/p>\n<p><img loading=\"lazy\" decoding=\"async\" class=\" size-full wp-image-93598\" src=\"http:\/\/diarioregionaljf.com.br\/wp-content\/uploads\/2018\/03\/diario-int-24953-6.jpg\" alt=\"fotof.jpg\" width=\"314\" height=\"418\" style=\"display: block; margin-left: auto; margin-right: auto;\" srcset=\"https:\/\/diarioregionaldigital.com.br\/wp-content\/uploads\/2018\/03\/diario-int-24953-6.jpg 338w, https:\/\/diarioregionaldigital.com.br\/wp-content\/uploads\/2018\/03\/diario-int-24953-6-225x300.jpg 225w\" sizes=\"auto, (max-width: 314px) 100vw, 314px\" \/><\/p>\n<p style=\"text-align: center;\">Elegante casal esperando a Bodas de Prata, Ana Paula Proc\u00f3pio e S\u00e9rgio Ricardo Resende<\/p>\n<p>&nbsp;<\/p>\n<p><img loading=\"lazy\" decoding=\"async\" class=\" size-full wp-image-93599\" src=\"http:\/\/diarioregionaljf.com.br\/wp-content\/uploads\/2018\/03\/diario-int-24953-7.jpg\" alt=\"fotog.jpg\" width=\"389\" height=\"259\" style=\"display: block; margin-left: auto; margin-right: auto;\" srcset=\"https:\/\/diarioregionaldigital.com.br\/wp-content\/uploads\/2018\/03\/diario-int-24953-7.jpg 675w, https:\/\/diarioregionaldigital.com.br\/wp-content\/uploads\/2018\/03\/diario-int-24953-7-300x200.jpg 300w, https:\/\/diarioregionaldigital.com.br\/wp-content\/uploads\/2018\/03\/diario-int-24953-7-360x240.jpg 360w\" sizes=\"auto, (max-width: 389px) 100vw, 389px\" \/><\/p>\n<p style=\"text-align: center;\">O arquiteto de astros e estrelas Rog\u00e9rio Mascarenhas Aguiar (Rub\u00e3o), no auge de seus 50 anos<\/p>\n<p>&nbsp;<\/p>\n<p><img loading=\"lazy\" decoding=\"async\" class=\" size-full wp-image-93600\" src=\"http:\/\/diarioregionaljf.com.br\/wp-content\/uploads\/2018\/03\/diario-int-24953-8.jpg\" alt=\"fotoh.jpg\" style=\"display: block; margin-left: auto; margin-right: auto;\" width=\"360\" height=\"450\" srcset=\"https:\/\/diarioregionaldigital.com.br\/wp-content\/uploads\/2018\/03\/diario-int-24953-8.jpg 360w, https:\/\/diarioregionaldigital.com.br\/wp-content\/uploads\/2018\/03\/diario-int-24953-8-240x300.jpg 240w\" sizes=\"auto, (max-width: 360px) 100vw, 360px\" \/><\/p>\n<p style=\"text-align: center;\">O talentoso fot\u00f3grafo Fernando Priamo, em cena refinado, em Mil\u00e3o<\/p>\n<p>&nbsp;<\/p>\n<p><img loading=\"lazy\" decoding=\"async\" class=\" size-full wp-image-93601\" src=\"http:\/\/diarioregionaljf.com.br\/wp-content\/uploads\/2018\/03\/diario-int-24953-9.jpg\" alt=\"fotoi.jpg\" style=\"display: block; margin-left: auto; margin-right: auto;\" width=\"338\" height=\"450\" srcset=\"https:\/\/diarioregionaldigital.com.br\/wp-content\/uploads\/2018\/03\/diario-int-24953-9.jpg 338w, https:\/\/diarioregionaldigital.com.br\/wp-content\/uploads\/2018\/03\/diario-int-24953-9-225x300.jpg 225w\" sizes=\"auto, (max-width: 338px) 100vw, 338px\" \/><\/p>\n<p style=\"text-align: center;\">Em cena social, o belo casal Guilherme Duarte e Renata Mota Duarte<\/p>\n<p>&nbsp;<\/p>\n<p><img loading=\"lazy\" decoding=\"async\" class=\" size-full wp-image-93602\" src=\"http:\/\/diarioregionaljf.com.br\/wp-content\/uploads\/2018\/03\/diario-int-24953-10.jpg\" alt=\"fotoj.jpg\" width=\"264\" height=\"351\" style=\"display: block; margin-left: auto; margin-right: auto;\" srcset=\"https:\/\/diarioregionaldigital.com.br\/wp-content\/uploads\/2018\/03\/diario-int-24953-10.jpg 338w, https:\/\/diarioregionaldigital.com.br\/wp-content\/uploads\/2018\/03\/diario-int-24953-10-225x300.jpg 225w\" sizes=\"auto, (max-width: 264px) 100vw, 264px\" \/><\/p>\n<p style=\"text-align: center;\">Heloisa Curzio, absoluta integrando o \u2018cast\u2019 de artistas pl\u00e1sticos em exposi\u00e7\u00e3o no Teatro Paschoal Carlos Magno<\/p>\n<p>&nbsp;<\/p>\n<p><img loading=\"lazy\" decoding=\"async\" class=\" size-full wp-image-93603\" src=\"http:\/\/diarioregionaljf.com.br\/wp-content\/uploads\/2018\/03\/diario-int-24953-11.jpg\" alt=\"fotol.jpg\" width=\"243\" height=\"324\" style=\"display: block; margin-left: auto; margin-right: auto;\" srcset=\"https:\/\/diarioregionaldigital.com.br\/wp-content\/uploads\/2018\/03\/diario-int-24953-11.jpg 338w, https:\/\/diarioregionaldigital.com.br\/wp-content\/uploads\/2018\/03\/diario-int-24953-11-225x300.jpg 225w\" sizes=\"auto, (max-width: 243px) 100vw, 243px\" \/><\/p>\n<p style=\"text-align: center;\">Na deslumbrante inaugura\u00e7\u00e3o do Cassino Avant, no Paraguai, as elegantes juiz-foranas Lilia Gomes e Ivete Gomes com Paula Belotti<\/p>\n<p>&nbsp;<\/p>\n<hr \/>\n<h4 style=\"text-align: center;\">FOTOSS\u00cdNTESE<\/h4>\n<p>&nbsp;<\/p>\n<ul>\n<li>Com sua por\u00e7\u00e3o solid\u00e1ria, a defensora p\u00fablica Luciana Gagliardi lan\u00e7ou campanha para arrecadar colch\u00e3o, alimentos, cal\u00e7ados, agasalhos, cobertores, fog\u00e3o e geladeira. Para doar ligue no zap: 98483-4444.\n<p><\/li>\n<li>Com o primeiro lote esgotado, vai bombar no dia 24 de mar\u00e7o no Capit\u00f3lio, o show do Ra\u00e7a Negra. Para abrir a noite foi convocado o grupo de JF, Glicose.\n<p><\/li>\n<li>Com fins de filantropia, acontece no dia 14 de abril, no Gran Victory Hotel, das 14h \u00e0s 20h, a 4\u00aa Feijoada Beneficente da Ascomcer.\n<p><\/li>\n<li>Em ritmo eletr\u00f4nico ser\u00e1 no dia 31 de mar\u00e7o, \u00e0s 23h, no Via Brasil, a bomb\u00e1stica Festa Euphorica. Em cena os DJs, F\u00e1bio Laroque, Marlon de Aries, Duda Flux e o super Coldhans Queir\u00f3s. A produ\u00e7\u00e3o \u00e9 do estrelado Hudson Lagrotta.\n<p><\/li>\n<li>A colunista e diretora da Revista Em Voga, Maria Ang\u00e9lica Rebou\u00e7as reuniu elegantes amigas para comemorar seu anivers\u00e1rio durante a semana na Maxi-P\u00e3o do Spazio Design.\n<p><\/li>\n<li>O Sebrae\/JF realiza, entre os dias 12 e 19 de mar\u00e7o, palestras com o tema \u201cQualidade no atendimento ao cliente\u201d, para interessados em aprender mais sobre gest\u00e3o de neg\u00f3cios.\n<p><\/li>\n<li>Em estilo \u00fanico, 25 mulheres receberam a medalha Rosa Cabinda, durante a Semana Internacional da Mulher, na C\u00e2mara Municipal de Juiz de Fora.\n<p><\/li>\n<li>Muito emocionadas Sete Integrantes da Associa\u00e7\u00e3o Restituir participaram da sess\u00e3o de fotos em homenagem ao Dia da Mulher, em bonde do Jardim da Inf\u00e2ncia, no Parque da Lajinha.\n<p><\/li>\n<li>Eterno rei da cocada preta, o jovem publicit\u00e1rio e ator Fl\u00e1vio Fusco estreou com sucesso seu programa \u201cFui ali\u201d com epis\u00f3dio pela Tail\u00e2ndia como primeira refer\u00eancia\u201d. O programa vai ser quinzenal.\n<p><\/li>\n<li>Devido ao sucesso de seu almo\u00e7o de s\u00e1bado e domingo, a Cervejaria Escola Nirante abre agora para almo\u00e7o de ter\u00e7a a sexta-feira.\n<p><\/li>\n<li>Mestre Cuca de m\u00e3o cheia, Ant\u00f4nio P\u00e1dua Jun\u00e3o est\u00e1 recebendo encomendas para del\u00edcias de P\u00e1scoa. S\u00e3o ovos, bolos, trufas, p\u00e3o de mel, pirulitos e bombons. \u00c9 s\u00f3 ligar: 99168-8529.\n<p><\/li>\n<li>Para refletir: \u201cSomos seres humanos emocionais que aprendem a pensar, n\u00e3o m\u00e1quinas pensantes que aprendem a sentir\u201d. (Stanisla Bachrach) Bom dia!<\/li>\n<\/ul>\n<p>&nbsp;<\/p>\n","protected":false},"excerpt":{"rendered":"<p>Reencontro Musical Seis anos depois de romper com Jaime Al\u00e9m, seu diretor musical por 20 anos, Maria Beth\u00e2nia vai retomar a parceria. A cantora convidou o maestro para acompanh\u00e1-la na turn\u00ea que far\u00e1 ao lado de Zeca Pagodinho. Os dois come\u00e7aram a trabalhar juntos em 1982, quando ele passou a criar os arranjos para o [&hellip;]<\/p>\n","protected":false},"author":96,"featured_media":93592,"comment_status":"closed","ping_status":"closed","sticky":false,"template":"","format":"standard","meta":{"footnotes":""},"categories":[264],"tags":[],"class_list":["post-93604","post","type-post","status-publish","format-standard","has-post-thumbnail","hentry","category-eduardo-gomes"],"_links":{"self":[{"href":"https:\/\/diarioregionaldigital.com.br\/index.php?rest_route=\/wp\/v2\/posts\/93604","targetHints":{"allow":["GET"]}}],"collection":[{"href":"https:\/\/diarioregionaldigital.com.br\/index.php?rest_route=\/wp\/v2\/posts"}],"about":[{"href":"https:\/\/diarioregionaldigital.com.br\/index.php?rest_route=\/wp\/v2\/types\/post"}],"author":[{"embeddable":true,"href":"https:\/\/diarioregionaldigital.com.br\/index.php?rest_route=\/wp\/v2\/users\/96"}],"replies":[{"embeddable":true,"href":"https:\/\/diarioregionaldigital.com.br\/index.php?rest_route=%2Fwp%2Fv2%2Fcomments&post=93604"}],"version-history":[{"count":0,"href":"https:\/\/diarioregionaldigital.com.br\/index.php?rest_route=\/wp\/v2\/posts\/93604\/revisions"}],"wp:featuredmedia":[{"embeddable":true,"href":"https:\/\/diarioregionaldigital.com.br\/index.php?rest_route=\/wp\/v2\/media\/93592"}],"wp:attachment":[{"href":"https:\/\/diarioregionaldigital.com.br\/index.php?rest_route=%2Fwp%2Fv2%2Fmedia&parent=93604"}],"wp:term":[{"taxonomy":"category","embeddable":true,"href":"https:\/\/diarioregionaldigital.com.br\/index.php?rest_route=%2Fwp%2Fv2%2Fcategories&post=93604"},{"taxonomy":"post_tag","embeddable":true,"href":"https:\/\/diarioregionaldigital.com.br\/index.php?rest_route=%2Fwp%2Fv2%2Ftags&post=93604"}],"curies":[{"name":"wp","href":"https:\/\/api.w.org\/{rel}","templated":true}]}}