{"id":93589,"date":"2018-03-09T23:26:13","date_gmt":"2018-03-10T02:26:13","guid":{"rendered":"http:\/\/diarioregionaljf.com.br\/2018\/03\/09\/trabalhadores-dos-correios-entram-em-greve-a-partir-desta-segunda\/"},"modified":"2018-03-09T23:26:13","modified_gmt":"2018-03-10T02:26:13","slug":"trabalhadores-dos-correios-entram-em-greve-a-partir-desta-segunda","status":"publish","type":"post","link":"https:\/\/diarioregionaldigital.com.br\/?p=93589","title":{"rendered":"Trabalhadores dos Correios entram em greve a partir desta segunda"},"content":{"rendered":"<p>Funcion\u00e1rios dos Correios de Juiz de Fora e de mais 122 munic\u00edpios da regi\u00e3o entram em greve a partir desta segunda-feira, 12. A motiva\u00e7\u00e3o da paralisa\u00e7\u00e3o das atividades \u00e9 a mudan\u00e7a nas regras do plano de sa\u00fade dos trabalhadores. \u201cA nossa base \u00e9 formada por cerca de 1.350 trabalhadores na zona da Mata e Vertentes. A gente espera que o maior n\u00famero [de funcion\u00e1rios] venha aderir ao movimento\u201d, ressaltou o presidente do Sindicato dos Trabalhadores em Empresas de Comunica\u00e7\u00e3o Postal, Telegr\u00e1fica e Similares de Juiz de Fora e Regi\u00e3o (Sintect\/JFA), Jo\u00e3o Ricardo Guedes.<\/p>\n<p>Conforme o sindicalista, a greve \u00e9 por tempo indeterminado e, no momento, tem o foco nas quest\u00f5es relacionadas ao plano de sa\u00fade. \u201cO plano de sa\u00fade sempre foi viabilizado de maneira que a empresa paga a maior parte, 93%, e o trabalhador 7%. E agora, a ideia \u00e9 que a gente pague uma mensalidade e vai ficar dif\u00edcil de bancar\u201d, esclareceu.<\/p>\n<p>Guedes explicou que a categoria ser\u00e1 divida entre faixas salariais, que ter\u00e1 um valor m\u00e1ximo para ser comprado do trabalhador de cada grupo. \u201cQuem ganha menos vai estar pagando para aqueles que recebem mais. Por exemplo, um funcion\u00e1rio que recebe R$20 mil e tem a mensalidade do plano de R$1.500. Dele, ser\u00e1 cobrado apenas o teto, R$871, e os demais trabalhadores da faixa, que recebem menos, pagaram o mesmo. N\u00e3o h\u00e1 uma proporcionalidade justa, j\u00e1 que quem recebe mais tem como arcar com a valor\u201d, pontuou.<\/p>\n<p>Al\u00e9m disso, a empresa quer excluir os pais dos funcion\u00e1rios, que utilizam o plano. Hoje, pais e m\u00e3es de trabalhadores que tenham mais de 55 anos e recebem menos que 1,2 sal\u00e1rio m\u00ednimo t\u00eam o direito a utilizar o benef\u00edcio. O novo acordo tamb\u00e9m prev\u00ea o aumento do valor pago pelos trabalhadores quando o plano for utilizado e tamb\u00e9m o aumento das taxas de utiliza\u00e7\u00e3o do plano por familiares.<\/p>\n<p>\u201cA empresa n\u00e3o est\u00e1 cumprindo com que foi acertado no nosso acordo coletivo, por determina\u00e7\u00e3o do TST [Tribunal Superior do Trabalho]. As cl\u00e1usulas sociais e os benef\u00edcios s\u00e3o v\u00e1lidos at\u00e9 2019 e, por isso, o plano de sa\u00fade n\u00e3o poderia ser modificado. Agora, o pr\u00f3prio TST julga uma a\u00e7\u00e3o sobre algo que ele j\u00e1 tinha determinado\u201d, ressaltou o sindicalista.<\/p>\n<p>Os trabalhadores v\u00e3o se reunir na manh\u00e3 desta segunda em frente ao pr\u00e9dio principal dos Correios na cidade, situado na Rua Esp\u00edrito Santo. \u201cVamos nos reunir a partir das 7h nas portas das unidades e esclarecer aos demais trabalhadores a nossa luta\u201d, frisou Guedes, que tamb\u00e9m afirmou que alguns servi\u00e7os dos Correios podem ser afetados com a paralisa\u00e7\u00e3o.<\/p>\n<p>Al\u00e9m da reivindica\u00e7\u00e3o da manuten\u00e7\u00e3o do plano de sa\u00fade da forma acertada no \u00faltimo acordo coletivo, os trabalhadores devem se manifestar tamb\u00e9m contra a suspens\u00e3o das f\u00e9rias e a amea\u00e7a da privatiza\u00e7\u00e3o da empresa. Vale lembrar que o efetivo obrigat\u00f3rio de 30% dos funcion\u00e1rios continuar\u00e1 trabalhando durante a greve.<\/p>\n<p>&nbsp;<\/p>\n<h4>AGUARDANDO DECIS\u00c3O JUDICIAL<\/h4>\n<p>Em nota, os Correios afirmou que o plano de sa\u00fade, principal pauta da paralisa\u00e7\u00e3o anunciada pelos trabalhadores, foi discutido exaustivamente com as representa\u00e7\u00f5es dos trabalhadores, tanto no \u00e2mbito administrativo quanto em media\u00e7\u00e3o pelo Tribunal Superior do Trabalho.<\/p>\n<p>\u201cAp\u00f3s diversas tentativas de acordo sem sucesso, a forma de custeio do plano de sa\u00fade dos Correios segue, agora, para julgamento pelo TST. A empresa aguarda uma decis\u00e3o conclusiva por parte daquele tribunal para tomar as medidas necess\u00e1rias, mas ressalta que j\u00e1 n\u00e3o consegue sustentar as condi\u00e7\u00f5es do plano, concedidas no auge do monop\u00f3lio, quando os Correios tinham capacidade financeira para arcar com esses custos\u201d, afirmou.<\/p>\n<p>Em rela\u00e7\u00e3o \u00e0s f\u00e9rias, a empresa disse que elas n\u00e3o foram suspensas e que a concess\u00e3o das mesmas est\u00e1 autorizada dentro do prazo correspondente a 90 dias antes da data de vencimento do per\u00edodo concessivo de cada empregado. \u201cA medida \u00e9 parte das a\u00e7\u00f5es imediatas de conting\u00eancia or\u00e7ament\u00e1ria em curso na empresa que visam recuperar o seu equil\u00edbrio financeiro\u201d, esclareceu a nota.<\/p>\n<p>Sobre a possibilidade da privatiza\u00e7\u00e3o dos Correios, o comunicado diz que a dire\u00e7\u00e3o da empresa trabalha para recuperar e fortalecer a mesma. \u201cPara isso, est\u00e3o sendo adotadas medidas que visam a sustentabilidade da estatal. O equil\u00edbrio financeiro da empresa est\u00e1 sendo buscado por meio de a\u00e7\u00f5es como a otimiza\u00e7\u00e3o da gest\u00e3o, o controle de despesas, a revis\u00e3o de contratos, a ado\u00e7\u00e3o de uma nova pol\u00edtica comercial, que permite maior participa\u00e7\u00e3o dos Correios no segmento de encomendas, e a redu\u00e7\u00e3o de custos com pessoal e encargos sociais\u201d, ponderou.<\/p>\n<p>No final do comunicado, a estatal ressaltou que a greve \u00e9 um direito do trabalhador. No entanto, um movimento dessa natureza, neste momento, \u201cserve apenas para agravar ainda mais a situa\u00e7\u00e3o delicada pela qual passam os Correios e afeta n\u00e3o apenas a empresa, mas tamb\u00e9m os pr\u00f3prios empregados&#8221;, finalizou.<\/p>\n","protected":false},"excerpt":{"rendered":"<p>Funcion\u00e1rios dos Correios de Juiz de Fora e de mais 122 munic\u00edpios da regi\u00e3o entram em greve a partir desta segunda-feira, 12. A motiva\u00e7\u00e3o da paralisa\u00e7\u00e3o das atividades \u00e9 a mudan\u00e7a nas regras do plano de sa\u00fade dos trabalhadores. \u201cA nossa base \u00e9 formada por cerca de 1.350 trabalhadores na zona da Mata e Vertentes. [&hellip;]<\/p>\n","protected":false},"author":96,"featured_media":93588,"comment_status":"closed","ping_status":"closed","sticky":false,"template":"","format":"standard","meta":{"footnotes":""},"categories":[253],"tags":[],"class_list":["post-93589","post","type-post","status-publish","format-standard","has-post-thumbnail","hentry","category-cidade"],"_links":{"self":[{"href":"https:\/\/diarioregionaldigital.com.br\/index.php?rest_route=\/wp\/v2\/posts\/93589","targetHints":{"allow":["GET"]}}],"collection":[{"href":"https:\/\/diarioregionaldigital.com.br\/index.php?rest_route=\/wp\/v2\/posts"}],"about":[{"href":"https:\/\/diarioregionaldigital.com.br\/index.php?rest_route=\/wp\/v2\/types\/post"}],"author":[{"embeddable":true,"href":"https:\/\/diarioregionaldigital.com.br\/index.php?rest_route=\/wp\/v2\/users\/96"}],"replies":[{"embeddable":true,"href":"https:\/\/diarioregionaldigital.com.br\/index.php?rest_route=%2Fwp%2Fv2%2Fcomments&post=93589"}],"version-history":[{"count":0,"href":"https:\/\/diarioregionaldigital.com.br\/index.php?rest_route=\/wp\/v2\/posts\/93589\/revisions"}],"wp:featuredmedia":[{"embeddable":true,"href":"https:\/\/diarioregionaldigital.com.br\/index.php?rest_route=\/wp\/v2\/media\/93588"}],"wp:attachment":[{"href":"https:\/\/diarioregionaldigital.com.br\/index.php?rest_route=%2Fwp%2Fv2%2Fmedia&parent=93589"}],"wp:term":[{"taxonomy":"category","embeddable":true,"href":"https:\/\/diarioregionaldigital.com.br\/index.php?rest_route=%2Fwp%2Fv2%2Fcategories&post=93589"},{"taxonomy":"post_tag","embeddable":true,"href":"https:\/\/diarioregionaldigital.com.br\/index.php?rest_route=%2Fwp%2Fv2%2Ftags&post=93589"}],"curies":[{"name":"wp","href":"https:\/\/api.w.org\/{rel}","templated":true}]}}