{"id":93585,"date":"2018-03-09T23:06:15","date_gmt":"2018-03-10T02:06:15","guid":{"rendered":"http:\/\/diarioregionaljf.com.br\/2018\/03\/09\/reparos-em-rede-de-agua-podem-afetar-abastecimento\/"},"modified":"2018-03-09T23:06:15","modified_gmt":"2018-03-10T02:06:15","slug":"reparos-em-rede-de-agua-podem-afetar-abastecimento","status":"publish","type":"post","link":"https:\/\/diarioregionaldigital.com.br\/?p=93585","title":{"rendered":"Reparos em rede de \u00e1gua podem afetar abastecimento"},"content":{"rendered":"<p>A Companhia de Saneamento Municipal (Cesama) realizou reparos emergenciais em uma rede de \u00e1gua rompida na BR-440, pr\u00f3ximo \u00e0 Unidade de Pronto Atendimento (UPA) S\u00e3o Pedro nessa sexta-feira, 9. Para realiza\u00e7\u00e3o dos trabalhos, foi necess\u00e1rio interromper o abastecimento da regi\u00e3o, que pode ter afetado as seguintes localidades: Colinas de S\u00e3o Pedro, Rua Euclides Pezarini, Parque S\u00e3o Pedro, Cai\u00e7aras, Neo Residencial, Nova Germ\u00e2nia e Parque das \u00c1guas.<\/p>\n<p>A Cesama orienta os moradores para que economizem \u00e1gua neste per\u00edodo. A previs\u00e3o \u00e9 que o abastecimento seja regularizado progressivamente, durante o final de semana.<\/p>\n<p>Fonte: Assessoria<\/p>\n","protected":false},"excerpt":{"rendered":"<p>A Companhia de Saneamento Municipal (Cesama) realizou reparos emergenciais em uma rede de \u00e1gua rompida na BR-440, pr\u00f3ximo \u00e0 Unidade de Pronto Atendimento (UPA) S\u00e3o Pedro nessa sexta-feira, 9. Para realiza\u00e7\u00e3o dos trabalhos, foi necess\u00e1rio interromper o abastecimento da regi\u00e3o, que pode ter afetado as seguintes localidades: Colinas de S\u00e3o Pedro, Rua Euclides Pezarini, Parque [&hellip;]<\/p>\n","protected":false},"author":96,"featured_media":93584,"comment_status":"closed","ping_status":"closed","sticky":false,"template":"","format":"standard","meta":{"footnotes":""},"categories":[253],"tags":[],"class_list":["post-93585","post","type-post","status-publish","format-standard","has-post-thumbnail","hentry","category-cidade"],"_links":{"self":[{"href":"https:\/\/diarioregionaldigital.com.br\/index.php?rest_route=\/wp\/v2\/posts\/93585","targetHints":{"allow":["GET"]}}],"collection":[{"href":"https:\/\/diarioregionaldigital.com.br\/index.php?rest_route=\/wp\/v2\/posts"}],"about":[{"href":"https:\/\/diarioregionaldigital.com.br\/index.php?rest_route=\/wp\/v2\/types\/post"}],"author":[{"embeddable":true,"href":"https:\/\/diarioregionaldigital.com.br\/index.php?rest_route=\/wp\/v2\/users\/96"}],"replies":[{"embeddable":true,"href":"https:\/\/diarioregionaldigital.com.br\/index.php?rest_route=%2Fwp%2Fv2%2Fcomments&post=93585"}],"version-history":[{"count":0,"href":"https:\/\/diarioregionaldigital.com.br\/index.php?rest_route=\/wp\/v2\/posts\/93585\/revisions"}],"wp:featuredmedia":[{"embeddable":true,"href":"https:\/\/diarioregionaldigital.com.br\/index.php?rest_route=\/wp\/v2\/media\/93584"}],"wp:attachment":[{"href":"https:\/\/diarioregionaldigital.com.br\/index.php?rest_route=%2Fwp%2Fv2%2Fmedia&parent=93585"}],"wp:term":[{"taxonomy":"category","embeddable":true,"href":"https:\/\/diarioregionaldigital.com.br\/index.php?rest_route=%2Fwp%2Fv2%2Fcategories&post=93585"},{"taxonomy":"post_tag","embeddable":true,"href":"https:\/\/diarioregionaldigital.com.br\/index.php?rest_route=%2Fwp%2Fv2%2Ftags&post=93585"}],"curies":[{"name":"wp","href":"https:\/\/api.w.org\/{rel}","templated":true}]}}