{"id":93579,"date":"2018-03-09T21:23:20","date_gmt":"2018-03-10T00:23:20","guid":{"rendered":"http:\/\/diarioregionaljf.com.br\/2018\/03\/09\/pm-da-continuidade-a-operacao-migro-na-divisa-de-minas-com-o-rio\/"},"modified":"2018-03-09T21:23:20","modified_gmt":"2018-03-10T00:23:20","slug":"pm-da-continuidade-a-operacao-migro-na-divisa-de-minas-com-o-rio","status":"publish","type":"post","link":"https:\/\/diarioregionaldigital.com.br\/?p=93579","title":{"rendered":"PM d\u00e1 continuidade \u00e0 opera\u00e7\u00e3o \u201cMigro\u201d na divisa de Minas com o Rio"},"content":{"rendered":"<p>Uma nova etapa da opera\u00e7\u00e3o \u201cMigro\u201d foi desencadeada na regi\u00e3o pela Pol\u00edcia Militar (PM), na tarde de sexta-feira, 9. Postos de fiscaliza\u00e7\u00e3o foram montados ao longo dos 342 km de divisa entre os estados do Rio de Janeiro e Minas Gerais. A a\u00e7\u00e3o ocorreu ap\u00f3s o governo federal decretar interven\u00e7\u00e3o na \u00e1rea de seguran\u00e7a do estado vizinho, com intuito de impedir que criminosos e fugitivos migrem para as cidades mineiras.<\/p>\n<p>De acordo com o assessor de Comunica\u00e7\u00e3o da 4\u00aa Regi\u00e3o da PM, major Jovanio Campos, a opera\u00e7\u00e3o foi elaborada nos mesmos moldes da primeira etapa, realizada no dia 23 de fevereiro. Cerca de 300 policiais e 88 viaturas estiveram empenhados nos 22 munic\u00edpios que fazem parte da fronteira. \u201cA a\u00e7\u00e3o vem sendo suplementada por viaturas especializadas ou com o efetivo local. Enquanto a situa\u00e7\u00e3o de interven\u00e7\u00e3o federal permanecer no Rio, ela continuar\u00e1 sendo feita. O principal \u00e9 a preven\u00e7\u00e3o, evitando que Minas receba os infratores do estado vizinho\u201d, diz.<\/p>\n<p>Durante a opera\u00e7\u00e3o, al\u00e9m dos bloqueios que foram feitos ao longo de pontos estrat\u00e9gicos das vias, carros, motos, caminh\u00f5es e \u00f4nibus foram abordados pela Pol\u00edcia, na busca de armas e drogas. Segundo o major, apesar de a a\u00e7\u00e3o ter car\u00e1ter preventivo, o in\u00edcio da interven\u00e7\u00e3o no Rio n\u00e3o causou impacto na ordem p\u00fablica de Minas Gerais. \u201cTemos visto que tanto antes quanto depois da interven\u00e7\u00e3o, a situa\u00e7\u00e3o do nosso estado permanece a mesma. Tudo o que foi planejado pela PM tem sido correspondido. Existe uma situa\u00e7\u00e3o silenciosa, mas que a todo o momento \u00e9 vigilante, que \u00e9 o nosso Servi\u00e7o de Intelig\u00eancia de Seguran\u00e7a P\u00fablica, que troca informa\u00e7\u00f5es com outras ag\u00eancias de seguran\u00e7a, com a finalidade de levantar dados dos suspeitos que podem vir para c\u00e1\u201d, explica.<\/p>\n<p>&nbsp;<\/p>\n<h4>PRIMEIRA ETAPA<\/h4>\n<p>Trinta e oito opera\u00e7\u00f5es foram deflagradas na primeira etapa, segundo a PM. Foram 1.806 ve\u00edculos abordados, 2.843 pessoas vistoriadas, o que resultou na pris\u00e3o de cinco criminosos, ambos ligados \u00e0 posse ilegal de arma ou tr\u00e1fico de drogas.<\/p>\n<p>Campos alerta a popula\u00e7\u00e3o pode ajudar a pol\u00edcia atrav\u00e9s do Disque Den\u00fancia 181. \u201cO anonimato \u00e9 garantido. Por meio das informa\u00e7\u00f5es, a PM consegue intervir nas pessoas que possam ter alguma liga\u00e7\u00e3o com a criminalidade no Rio de Janeiro\u201d, diz.<\/p>\n","protected":false},"excerpt":{"rendered":"<p>Uma nova etapa da opera\u00e7\u00e3o \u201cMigro\u201d foi desencadeada na regi\u00e3o pela Pol\u00edcia Militar (PM), na tarde de sexta-feira, 9. Postos de fiscaliza\u00e7\u00e3o foram montados ao longo dos 342 km de divisa entre os estados do Rio de Janeiro e Minas Gerais. A a\u00e7\u00e3o ocorreu ap\u00f3s o governo federal decretar interven\u00e7\u00e3o na \u00e1rea de seguran\u00e7a do [&hellip;]<\/p>\n","protected":false},"author":96,"featured_media":93578,"comment_status":"closed","ping_status":"closed","sticky":false,"template":"","format":"standard","meta":{"footnotes":""},"categories":[253],"tags":[],"class_list":["post-93579","post","type-post","status-publish","format-standard","has-post-thumbnail","hentry","category-cidade"],"_links":{"self":[{"href":"https:\/\/diarioregionaldigital.com.br\/index.php?rest_route=\/wp\/v2\/posts\/93579","targetHints":{"allow":["GET"]}}],"collection":[{"href":"https:\/\/diarioregionaldigital.com.br\/index.php?rest_route=\/wp\/v2\/posts"}],"about":[{"href":"https:\/\/diarioregionaldigital.com.br\/index.php?rest_route=\/wp\/v2\/types\/post"}],"author":[{"embeddable":true,"href":"https:\/\/diarioregionaldigital.com.br\/index.php?rest_route=\/wp\/v2\/users\/96"}],"replies":[{"embeddable":true,"href":"https:\/\/diarioregionaldigital.com.br\/index.php?rest_route=%2Fwp%2Fv2%2Fcomments&post=93579"}],"version-history":[{"count":0,"href":"https:\/\/diarioregionaldigital.com.br\/index.php?rest_route=\/wp\/v2\/posts\/93579\/revisions"}],"wp:featuredmedia":[{"embeddable":true,"href":"https:\/\/diarioregionaldigital.com.br\/index.php?rest_route=\/wp\/v2\/media\/93578"}],"wp:attachment":[{"href":"https:\/\/diarioregionaldigital.com.br\/index.php?rest_route=%2Fwp%2Fv2%2Fmedia&parent=93579"}],"wp:term":[{"taxonomy":"category","embeddable":true,"href":"https:\/\/diarioregionaldigital.com.br\/index.php?rest_route=%2Fwp%2Fv2%2Fcategories&post=93579"},{"taxonomy":"post_tag","embeddable":true,"href":"https:\/\/diarioregionaldigital.com.br\/index.php?rest_route=%2Fwp%2Fv2%2Ftags&post=93579"}],"curies":[{"name":"wp","href":"https:\/\/api.w.org\/{rel}","templated":true}]}}