{"id":93575,"date":"2018-03-09T21:21:38","date_gmt":"2018-03-10T00:21:38","guid":{"rendered":"http:\/\/diarioregionaljf.com.br\/2018\/03\/09\/pacientes-reclamam-da-infraestrutura-da-ubs-do-bairro-grama\/"},"modified":"2018-03-09T21:21:38","modified_gmt":"2018-03-10T00:21:38","slug":"pacientes-reclamam-da-infraestrutura-da-ubs-do-bairro-grama","status":"publish","type":"post","link":"https:\/\/diarioregionaldigital.com.br\/?p=93575","title":{"rendered":"Pacientes reclamam da infraestrutura da UBS do bairro Grama"},"content":{"rendered":"<p>A situa\u00e7\u00e3o prec\u00e1ria da estrutura f\u00edsica da Unidade B\u00e1sica de Sa\u00fade (UBS) do bairro Grama, regi\u00e3o Nordeste, tem chamado aten\u00e7\u00e3o dos moradores do entorno. Conforme os relatos, o pr\u00e9dio apresenta uma s\u00e9rie de problemas, como lajotas quebradas, goteiras e outras situa\u00e7\u00f5es que dificultam o atendimento prestado \u00e0 popula\u00e7\u00e3o.<\/p>\n<p>Segundo a presidente da Associa\u00e7\u00e3o de Moradores do Grama, Fabiana Alvim, o problema da unidade &#8211; que recebe pacientes de outros sete bairros &#8211; \u00e9 antigo e se intensifica ainda mais no per\u00edodo chuvoso. \u201cA infraestrutura \u00e9 muito antiga e n\u00e3o suporta o atendimento. Essa reclama\u00e7\u00e3o j\u00e1 se arrasta h\u00e1 anos e ningu\u00e9m faz nada. A laje da UBS est\u00e1 com rachaduras, quando chove o paciente precisa ficar com o guarda-chuva aberto dentro do pr\u00e9dio. O temporal que caiu de quarta-feira, 7, para quinta, 8, alagou a unidade e impossibilitou atendimento da comunidade\u201d, disse.<\/p>\n<p>Fabiana tamb\u00e9m conta que a Secretaria de Sa\u00fade (SS) prometeu reformar a unidade, mas o projeto ainda n\u00e3o saiu do papel. \u201cInclusive, a secretaria iria utilizar parte do Centro Comunit\u00e1rio para montar alguns consult\u00f3rios m\u00e9dicos, por\u00e9m, at\u00e9 agora nada foi feito\u201d, afirma.<\/p>\n<p>&nbsp;<\/p>\n<h4>NOTA DA PREFEITURA<\/h4>\n<p>Em nota, a Secretaria de Sa\u00fade informa que a unidade teve suas portas fechadas na quinta-feira, 8, por conta da entrada de \u00e1gua nos ambientes internos. O reparo do espa\u00e7o afetado pela chuva foi realizado e a unidade reabriu na sexta-feira, 9, tendo o funcionamento normalizado.<\/p>\n<p>A pasta tamb\u00e9m afirma que \u201co novo projeto arquitet\u00f4nico da UBS j\u00e1 est\u00e1 conclu\u00eddo e a reforma est\u00e1 em fase de licita\u00e7\u00e3o. Ademais, algumas mudan\u00e7as j\u00e1 foram realizadas e a licita\u00e7\u00e3o para a compra do mobili\u00e1rio foi conclu\u00edda\u201d.<\/p>\n","protected":false},"excerpt":{"rendered":"<p>A situa\u00e7\u00e3o prec\u00e1ria da estrutura f\u00edsica da Unidade B\u00e1sica de Sa\u00fade (UBS) do bairro Grama, regi\u00e3o Nordeste, tem chamado aten\u00e7\u00e3o dos moradores do entorno. Conforme os relatos, o pr\u00e9dio apresenta uma s\u00e9rie de problemas, como lajotas quebradas, goteiras e outras situa\u00e7\u00f5es que dificultam o atendimento prestado \u00e0 popula\u00e7\u00e3o. Segundo a presidente da Associa\u00e7\u00e3o de Moradores [&hellip;]<\/p>\n","protected":false},"author":96,"featured_media":93574,"comment_status":"closed","ping_status":"closed","sticky":false,"template":"","format":"standard","meta":{"footnotes":""},"categories":[253],"tags":[],"class_list":["post-93575","post","type-post","status-publish","format-standard","has-post-thumbnail","hentry","category-cidade"],"_links":{"self":[{"href":"https:\/\/diarioregionaldigital.com.br\/index.php?rest_route=\/wp\/v2\/posts\/93575","targetHints":{"allow":["GET"]}}],"collection":[{"href":"https:\/\/diarioregionaldigital.com.br\/index.php?rest_route=\/wp\/v2\/posts"}],"about":[{"href":"https:\/\/diarioregionaldigital.com.br\/index.php?rest_route=\/wp\/v2\/types\/post"}],"author":[{"embeddable":true,"href":"https:\/\/diarioregionaldigital.com.br\/index.php?rest_route=\/wp\/v2\/users\/96"}],"replies":[{"embeddable":true,"href":"https:\/\/diarioregionaldigital.com.br\/index.php?rest_route=%2Fwp%2Fv2%2Fcomments&post=93575"}],"version-history":[{"count":0,"href":"https:\/\/diarioregionaldigital.com.br\/index.php?rest_route=\/wp\/v2\/posts\/93575\/revisions"}],"wp:featuredmedia":[{"embeddable":true,"href":"https:\/\/diarioregionaldigital.com.br\/index.php?rest_route=\/wp\/v2\/media\/93574"}],"wp:attachment":[{"href":"https:\/\/diarioregionaldigital.com.br\/index.php?rest_route=%2Fwp%2Fv2%2Fmedia&parent=93575"}],"wp:term":[{"taxonomy":"category","embeddable":true,"href":"https:\/\/diarioregionaldigital.com.br\/index.php?rest_route=%2Fwp%2Fv2%2Fcategories&post=93575"},{"taxonomy":"post_tag","embeddable":true,"href":"https:\/\/diarioregionaldigital.com.br\/index.php?rest_route=%2Fwp%2Fv2%2Ftags&post=93575"}],"curies":[{"name":"wp","href":"https:\/\/api.w.org\/{rel}","templated":true}]}}