{"id":93569,"date":"2018-03-09T21:07:47","date_gmt":"2018-03-10T00:07:47","guid":{"rendered":"http:\/\/diarioregionaljf.com.br\/2018\/03\/09\/prefeitura-municipal-de-piau-pregao-presencial-n-0010-2018\/"},"modified":"2018-08-13T20:38:41","modified_gmt":"2018-08-13T23:38:41","slug":"prefeitura-municipal-de-piau-pregao-presencial-n-0010-2018","status":"publish","type":"post","link":"https:\/\/diarioregionaldigital.com.br\/?p=93569","title":{"rendered":"PREFEITURA MUNICIPAL DE PIAU &#8211; PREG\u00c3O PRESENCIAL N\u00ba 0010\/2018"},"content":{"rendered":"<p>AVISO DE LICITA\u00c7\u00c3O<br \/>PROCESSO LICITAT\u00d3RIO 0015\/2018<br \/>PREG\u00c3O PRESENCIAL N\u00ba 0010\/2018<\/p>\n<p>O pregoeiro da Prefeitura Municipal de Piau\/MG, no uso de suas atribui\u00e7\u00f5es legais, torna p\u00fablico que far\u00e1 realizar a licita\u00e7\u00e3o a seguir caracterizada.<br \/>MODALIDADE: Preg\u00e3o Presencial n\u00ba 0010\/2018<br \/>OBJETO: O procedimento licitat\u00f3rio na modalidade preg\u00e3o presencial, tipo menor pre\u00e7o por item, que tem por objeto a aquisi\u00e7\u00e3o de equipamentos hospitalares para melhor atender a popula\u00e7\u00e3o de Piau.<br \/>DATA DA ABERTURA: Dia 22\/03\/2018 \u00e0s 13:00 horas.<br \/>O procedimento licitat\u00f3rio obedecer\u00e1 ao disposto na Lei Federal n\u00ba 10.520\/2002, Lei Federal n\u00ba 8.666\/1993 e suas altera\u00e7\u00f5es posteriores. O Edital completo se encontra \u00e0 disposi\u00e7\u00e3o dos interessados na sede da Prefeitura Municipal de Piau\/MG, localizada na Rua Silva Jardim, 67 \u2013 Centro \u2013 Piau\/MG, no hor\u00e1rio de expediente das 08:00hs \u00e0s 11:00hs e das. Maiores informa\u00e7\u00f5es poder\u00e3o ser obtidas pelos telefones 32-3254-1221.<\/p>\n<p>Piau\/MG, 09 de mar\u00e7o de 2018.<\/p>\n<p>Jonathan Alex Dornelas<br \/>PREGOEIRO<\/p>\n","protected":false},"excerpt":{"rendered":"<p>AVISO DE LICITA\u00c7\u00c3OPROCESSO LICITAT\u00d3RIO 0015\/2018PREG\u00c3O PRESENCIAL N\u00ba 0010\/2018 O pregoeiro da Prefeitura Municipal de Piau\/MG, no uso de suas atribui\u00e7\u00f5es legais, torna p\u00fablico que far\u00e1 realizar a licita\u00e7\u00e3o a seguir caracterizada.MODALIDADE: Preg\u00e3o Presencial n\u00ba 0010\/2018OBJETO: O procedimento licitat\u00f3rio na modalidade preg\u00e3o presencial, tipo menor pre\u00e7o por item, que tem por objeto a aquisi\u00e7\u00e3o de equipamentos [&hellip;]<\/p>\n","protected":false},"author":96,"featured_media":0,"comment_status":"closed","ping_status":"closed","sticky":false,"template":"","format":"standard","meta":{"footnotes":""},"categories":[307],"tags":[],"class_list":["post-93569","post","type-post","status-publish","format-standard","hentry","category-editais"],"_links":{"self":[{"href":"https:\/\/diarioregionaldigital.com.br\/index.php?rest_route=\/wp\/v2\/posts\/93569","targetHints":{"allow":["GET"]}}],"collection":[{"href":"https:\/\/diarioregionaldigital.com.br\/index.php?rest_route=\/wp\/v2\/posts"}],"about":[{"href":"https:\/\/diarioregionaldigital.com.br\/index.php?rest_route=\/wp\/v2\/types\/post"}],"author":[{"embeddable":true,"href":"https:\/\/diarioregionaldigital.com.br\/index.php?rest_route=\/wp\/v2\/users\/96"}],"replies":[{"embeddable":true,"href":"https:\/\/diarioregionaldigital.com.br\/index.php?rest_route=%2Fwp%2Fv2%2Fcomments&post=93569"}],"version-history":[{"count":0,"href":"https:\/\/diarioregionaldigital.com.br\/index.php?rest_route=\/wp\/v2\/posts\/93569\/revisions"}],"wp:attachment":[{"href":"https:\/\/diarioregionaldigital.com.br\/index.php?rest_route=%2Fwp%2Fv2%2Fmedia&parent=93569"}],"wp:term":[{"taxonomy":"category","embeddable":true,"href":"https:\/\/diarioregionaldigital.com.br\/index.php?rest_route=%2Fwp%2Fv2%2Fcategories&post=93569"},{"taxonomy":"post_tag","embeddable":true,"href":"https:\/\/diarioregionaldigital.com.br\/index.php?rest_route=%2Fwp%2Fv2%2Ftags&post=93569"}],"curies":[{"name":"wp","href":"https:\/\/api.w.org\/{rel}","templated":true}]}}