{"id":93568,"date":"2018-03-09T21:04:11","date_gmt":"2018-03-10T00:04:11","guid":{"rendered":"http:\/\/diarioregionaljf.com.br\/2018\/03\/09\/edital-de-convocacao-adubos-marisa-11-03-2018\/"},"modified":"2018-08-13T20:38:11","modified_gmt":"2018-08-13T23:38:11","slug":"edital-de-convocacao-adubos-marisa-11-03-2018","status":"publish","type":"post","link":"https:\/\/diarioregionaldigital.com.br\/?p=93568","title":{"rendered":"EDITAL DE CONVOCA\u00c7\u00c3O &#8211; ADUBOS MARISA 11\/03\/2018"},"content":{"rendered":"<p>EDITAL DE CONVOCA\u00c7\u00c3O<\/p>\n<p>Ficam convocados os acionistas de ADUBOS MARISA S\/A IND\u00daSTRIA COM\u00c9RCIO E TRANSPORTES, CNPJ 25.330.028\/0001-18, para a ASSEMBL\u00c9IA GERAL EXTRAORDIN\u00c1RIA , a se realizar \u00e0s 14:00 horas do dia 26 de mar\u00e7o de 2018, na sua sede na Av. Dos Ex-Combatentes, 1130, Ub\u00e1 &#8211; MG, para deliberarem sobre a seguinte ordem do dia: 1) altera\u00e7\u00e3o do objeto social da empresa e consequente altera\u00e7\u00e3o do art. 2\u00ba do Estatuto Social . Ub\u00e1, 08\/03\/2018\u2013 Giovanni Emilio Marchi \u2013 Diretor Presidente<\/p>\n","protected":false},"excerpt":{"rendered":"<p>EDITAL DE CONVOCA\u00c7\u00c3O Ficam convocados os acionistas de ADUBOS MARISA S\/A IND\u00daSTRIA COM\u00c9RCIO E TRANSPORTES, CNPJ 25.330.028\/0001-18, para a ASSEMBL\u00c9IA GERAL EXTRAORDIN\u00c1RIA , a se realizar \u00e0s 14:00 horas do dia 26 de mar\u00e7o de 2018, na sua sede na Av. Dos Ex-Combatentes, 1130, Ub\u00e1 &#8211; MG, para deliberarem sobre a seguinte ordem do dia: [&hellip;]<\/p>\n","protected":false},"author":96,"featured_media":0,"comment_status":"closed","ping_status":"closed","sticky":false,"template":"","format":"standard","meta":{"footnotes":""},"categories":[307],"tags":[],"class_list":["post-93568","post","type-post","status-publish","format-standard","hentry","category-editais"],"_links":{"self":[{"href":"https:\/\/diarioregionaldigital.com.br\/index.php?rest_route=\/wp\/v2\/posts\/93568","targetHints":{"allow":["GET"]}}],"collection":[{"href":"https:\/\/diarioregionaldigital.com.br\/index.php?rest_route=\/wp\/v2\/posts"}],"about":[{"href":"https:\/\/diarioregionaldigital.com.br\/index.php?rest_route=\/wp\/v2\/types\/post"}],"author":[{"embeddable":true,"href":"https:\/\/diarioregionaldigital.com.br\/index.php?rest_route=\/wp\/v2\/users\/96"}],"replies":[{"embeddable":true,"href":"https:\/\/diarioregionaldigital.com.br\/index.php?rest_route=%2Fwp%2Fv2%2Fcomments&post=93568"}],"version-history":[{"count":0,"href":"https:\/\/diarioregionaldigital.com.br\/index.php?rest_route=\/wp\/v2\/posts\/93568\/revisions"}],"wp:attachment":[{"href":"https:\/\/diarioregionaldigital.com.br\/index.php?rest_route=%2Fwp%2Fv2%2Fmedia&parent=93568"}],"wp:term":[{"taxonomy":"category","embeddable":true,"href":"https:\/\/diarioregionaldigital.com.br\/index.php?rest_route=%2Fwp%2Fv2%2Fcategories&post=93568"},{"taxonomy":"post_tag","embeddable":true,"href":"https:\/\/diarioregionaldigital.com.br\/index.php?rest_route=%2Fwp%2Fv2%2Ftags&post=93568"}],"curies":[{"name":"wp","href":"https:\/\/api.w.org\/{rel}","templated":true}]}}