{"id":93567,"date":"2018-03-09T21:02:55","date_gmt":"2018-03-10T00:02:55","guid":{"rendered":"http:\/\/diarioregionaljf.com.br\/2018\/03\/09\/justica-federal-no-df-manda-soltar-empresario-joesley-batista\/"},"modified":"2018-03-09T21:02:55","modified_gmt":"2018-03-10T00:02:55","slug":"justica-federal-no-df-manda-soltar-empresario-joesley-batista","status":"publish","type":"post","link":"https:\/\/diarioregionaldigital.com.br\/?p=93567","title":{"rendered":"Justi\u00e7a Federal no DF manda soltar empres\u00e1rio Joesley Batista"},"content":{"rendered":"<p>O juiz Marcos Vinicius Reis Bastos, da 12\u00aa Vara Federal de Bras\u00edlia, mandou soltar os executivos Joesley Batista e Ricardo Saud, da JBS, que se encontram presos preventivamente desde setembro do ano passado.<\/p>\n<p>Joesley Batista est\u00e1 preso na Superintend\u00eancia da Pol\u00edcia Federal em S\u00e3o Paulo e Ricardo Saud, na Penitenci\u00e1ria da Papuda, em Bras\u00edlia.<\/p>\n<p>Na decis\u00e3o, o magistrado escreveu que a pris\u00e3o dos dois executivos perdura por mais de seis meses, \u201cprazo muito superior aos 120 dias previstos para a conclus\u00e3o de toda a instru\u00e7\u00e3o criminal e flagrantemente aviltante ao princ\u00edpio da razo\u00e1vel dura\u00e7\u00e3o do processo\u201d.<\/p>\n<p>Os executivos estavam presos preventivamente ap\u00f3s terem sido acusados pela Procuradoria-Geral da Rep\u00fablica (PGR) de obstru\u00e7\u00e3o de Justi\u00e7a, por supostamente terem ocultado informa\u00e7\u00f5es em seus acordos de dela\u00e7\u00e3o premiada.<\/p>\n<p>A PGR pediu a rescis\u00e3o dos acordos ao Supremo Tribunal Federal (STF), mas o juiz Reis Bastos ressaltou que as dela\u00e7\u00f5es ainda n\u00e3o tiveram a respectiva revoga\u00e7\u00e3o homologada, motivo pelo qual os executivos ainda gozam de imunidade penal, tamb\u00e9m n\u00e3o podendo, dessa maneira, permanecer presos em decorr\u00eancia das investiga\u00e7\u00f5es ligadas ao inqu\u00e9rito de organiza\u00e7\u00e3o criminosa do qual s\u00e3o alvo na Justi\u00e7a Federal do Distrito Federal (JFDF).<\/p>\n<p>Mesmo soltos, os dois devem usar tornozeleira eletr\u00f4nica, por for\u00e7a de uma medida cautelar vigente em outra investiga\u00e7\u00e3o sobre manipula\u00e7\u00e3o de mercado financeiro.<\/p>\n<p>Reis Bastos determinou que os dois executivos entreguem seus passaportes. Com a decis\u00e3o, n\u00e3o restam outros decretos de pris\u00e3o contra Joesley e Saud, e ambos devem ser soltos. Segundo informa\u00e7\u00f5es da JFDF, o alvar\u00e1 de soltura deles deve ser expedido ainda nessa sexta-feira, por meio de malote digital, podendo assim ter cumprimento imediato.<\/p>\n<p>Joesley e Saud s\u00e3o alvo do inqu\u00e9rito que investiga a forma\u00e7\u00e3o de quadrilha no PMDB. Em outubro do ano passado, o ministro Edson Fachin, do STF, mandou descer as investiga\u00e7\u00f5es relativas aos executivos para o juiz S\u00e9rgio Moro, da primeira inst\u00e2ncia da Justi\u00e7a Federal em Curitiba, uma vez que eles n\u00e3o t\u00eam prerrogativa de foro. Em dezembro, entretanto, o plen\u00e1rio da Corte decidiu que o inqu\u00e9rito deveria ter prosseguimento no Distrito Federal.<\/p>\n<p>Fonte: Ag\u00eancia Brasil<\/p>\n","protected":false},"excerpt":{"rendered":"<p>O juiz Marcos Vinicius Reis Bastos, da 12\u00aa Vara Federal de Bras\u00edlia, mandou soltar os executivos Joesley Batista e Ricardo Saud, da JBS, que se encontram presos preventivamente desde setembro do ano passado. Joesley Batista est\u00e1 preso na Superintend\u00eancia da Pol\u00edcia Federal em S\u00e3o Paulo e Ricardo Saud, na Penitenci\u00e1ria da Papuda, em Bras\u00edlia. Na [&hellip;]<\/p>\n","protected":false},"author":96,"featured_media":93566,"comment_status":"closed","ping_status":"closed","sticky":false,"template":"","format":"standard","meta":{"footnotes":""},"categories":[254],"tags":[],"class_list":["post-93567","post","type-post","status-publish","format-standard","has-post-thumbnail","hentry","category-politica"],"_links":{"self":[{"href":"https:\/\/diarioregionaldigital.com.br\/index.php?rest_route=\/wp\/v2\/posts\/93567","targetHints":{"allow":["GET"]}}],"collection":[{"href":"https:\/\/diarioregionaldigital.com.br\/index.php?rest_route=\/wp\/v2\/posts"}],"about":[{"href":"https:\/\/diarioregionaldigital.com.br\/index.php?rest_route=\/wp\/v2\/types\/post"}],"author":[{"embeddable":true,"href":"https:\/\/diarioregionaldigital.com.br\/index.php?rest_route=\/wp\/v2\/users\/96"}],"replies":[{"embeddable":true,"href":"https:\/\/diarioregionaldigital.com.br\/index.php?rest_route=%2Fwp%2Fv2%2Fcomments&post=93567"}],"version-history":[{"count":0,"href":"https:\/\/diarioregionaldigital.com.br\/index.php?rest_route=\/wp\/v2\/posts\/93567\/revisions"}],"wp:featuredmedia":[{"embeddable":true,"href":"https:\/\/diarioregionaldigital.com.br\/index.php?rest_route=\/wp\/v2\/media\/93566"}],"wp:attachment":[{"href":"https:\/\/diarioregionaldigital.com.br\/index.php?rest_route=%2Fwp%2Fv2%2Fmedia&parent=93567"}],"wp:term":[{"taxonomy":"category","embeddable":true,"href":"https:\/\/diarioregionaldigital.com.br\/index.php?rest_route=%2Fwp%2Fv2%2Fcategories&post=93567"},{"taxonomy":"post_tag","embeddable":true,"href":"https:\/\/diarioregionaldigital.com.br\/index.php?rest_route=%2Fwp%2Fv2%2Ftags&post=93567"}],"curies":[{"name":"wp","href":"https:\/\/api.w.org\/{rel}","templated":true}]}}