{"id":93565,"date":"2018-03-09T20:47:10","date_gmt":"2018-03-09T23:47:10","guid":{"rendered":"http:\/\/diarioregionaljf.com.br\/2018\/03\/09\/raio-x-fashion-especial\/"},"modified":"2018-03-09T20:47:10","modified_gmt":"2018-03-09T23:47:10","slug":"raio-x-fashion-especial","status":"publish","type":"post","link":"https:\/\/diarioregionaldigital.com.br\/?p=93565","title":{"rendered":"RAIO X FASHION ESPECIAL"},"content":{"rendered":"<p style=\"text-align: center;\">Reunimos as mulheres que j\u00e1 passaram pelo nosso Raio X Fashion para uma coluna especial em comemora\u00e7\u00e3o ao Dia Internacional da Mulher. E viva a mulherada!!!<\/p>\n<p style=\"text-align: center;\">&nbsp;<\/p>\n<p><img loading=\"lazy\" decoding=\"async\" class=\" size-full wp-image-93548\" src=\"http:\/\/diarioregionaljf.com.br\/wp-content\/uploads\/2018\/03\/diario-int-24938-1.jpeg\" alt=\"danielesiqueira.jpeg\" width=\"145\" height=\"257\" style=\"display: block; margin-left: auto; margin-right: auto;\" srcset=\"https:\/\/diarioregionaldigital.com.br\/wp-content\/uploads\/2018\/03\/diario-int-24938-1.jpeg 253w, https:\/\/diarioregionaldigital.com.br\/wp-content\/uploads\/2018\/03\/diario-int-24938-1-169x300.jpeg 169w\" sizes=\"auto, (max-width: 145px) 100vw, 145px\" \/><\/p>\n<h4 style=\"text-align: center;\"><strong>Daniele Siqueira<\/strong><\/h4>\n<p style=\"text-align: center;\">&nbsp;<\/p>\n<p style=\"text-align: center;\"><strong>1. Tem alguma mulher que seja sua inspira\u00e7\u00e3o fashion?&nbsp;<\/strong><br \/>Ol\u00edvia Palermo.<\/p>\n<p style=\"text-align: center;\"><strong>2. Cite uma tend\u00eancia que est\u00e1 ou esteve na moda, mas que nunca usaria.<\/strong><br \/>Eu n\u00e3o gosto da palavra nunca. \u201cNunca\u201d \u00e9 muito forte (rsrsrsrs). Hoje n\u00e3o gosto de manga bufante.<\/p>\n<p style=\"text-align: center;\"><strong>3. Qual a sua pe\u00e7a de roupa favorita neste momento?<\/strong><br \/>Macac\u00e3o corte alfaiataria.<\/p>\n<p style=\"text-align: center;\"><strong>4. Voc\u00ea teve alguma mudan\u00e7a de comportamento no seu consumo de moda nos \u00faltimos tempos? Quais?<\/strong><br \/>N\u00e3o consumo moda por impulso. Compro somente o que realmente gosto, o que me vestiu bem.<\/p>\n<hr \/>\n<p style=\"text-align: center;\"><img loading=\"lazy\" decoding=\"async\" class=\" size-full wp-image-93549\" src=\"http:\/\/diarioregionaljf.com.br\/wp-content\/uploads\/2018\/03\/diario-int-24938-2.jpeg\" alt=\"(2).jpeg\" width=\"168\" height=\"287\" srcset=\"https:\/\/diarioregionaldigital.com.br\/wp-content\/uploads\/2018\/03\/diario-int-24938-2.jpeg 264w, https:\/\/diarioregionaldigital.com.br\/wp-content\/uploads\/2018\/03\/diario-int-24938-2-176x300.jpeg 176w\" sizes=\"auto, (max-width: 168px) 100vw, 168px\" \/><\/p>\n<h4 style=\"text-align: center;\"><strong>\u00c9rika Miana<\/strong><\/h4>\n<p style=\"text-align: center;\"><strong>1. Tem alguma mulher que seja sua inspira\u00e7\u00e3o fashion?<\/strong><br \/>No momento, Martha Graeff e Camila Coelho.<\/p>\n<p style=\"text-align: center;\"><strong>2. Cite uma tend\u00eancia que est\u00e1 ou esteve na moda, mas que nunca usaria.<\/strong><br \/>N\u00e3o digo nunca, mas \u201cmix de estampas\u201d me incomoda.<\/p>\n<p style=\"text-align: center;\"><strong>3. Qual a sua pe\u00e7a de roupa favorita neste momento?<\/strong><br \/>Cal\u00e7a flare. Alonga e d\u00e1 eleg\u00e2ncia.<\/p>\n<p style=\"text-align: center;\"><strong>4. Voc\u00ea teve alguma mudan\u00e7a de comportamento no seu consumo de moda nos \u00faltimos tempos? Quais?<\/strong><br \/>Sim. Hoje invisto no combo: beleza + conforto. Cansei de comprar e n\u00e3o usar por ser desconfort\u00e1vel.<\/p>\n<hr \/>\n<p style=\"text-align: center;\"><img loading=\"lazy\" decoding=\"async\" class=\" size-full wp-image-93550\" src=\"http:\/\/diarioregionaljf.com.br\/wp-content\/uploads\/2018\/03\/diario-int-24938-3.jpeg\" alt=\"(3).jpeg\" width=\"212\" height=\"277\" srcset=\"https:\/\/diarioregionaldigital.com.br\/wp-content\/uploads\/2018\/03\/diario-int-24938-3.jpeg 345w, https:\/\/diarioregionaldigital.com.br\/wp-content\/uploads\/2018\/03\/diario-int-24938-3-230x300.jpeg 230w\" sizes=\"auto, (max-width: 212px) 100vw, 212px\" \/><\/p>\n<h4 style=\"text-align: center;\">Marta Salgado<\/h4>\n<p style=\"text-align: center;\"><strong>1. Tem alguma mulher que seja sua inspira\u00e7\u00e3o fashion?<\/strong><br \/>N\u00e3o tenho uma espec\u00edfica, gosto muito do estilo de Helena Bordon, Ol\u00edvia Palermo e outras.<\/p>\n<p style=\"text-align: center;\"><strong>2. Cite uma tend\u00eancia que est\u00e1 ou esteve na moda, mas que nunca usaria.<\/strong><br \/>N\u00e3o usaria a Pantacourt, \u00e9 bonita, mas pra mim acho que n\u00e3o fica bem.<\/p>\n<p style=\"text-align: center;\"><strong>3. Qual a sua pe\u00e7a de roupa favorita neste momento<\/strong>?<br \/>Gosto muito de vestidos midi mais acinturados.<\/p>\n<p style=\"text-align: center;\"><strong>4. Voc\u00ea teve alguma mudan\u00e7a de comportamento no seu consumo de moda nos \u00faltimos tempos? Quais?<\/strong><br \/>N\u00e3o tive mudan\u00e7as, sempre fui bem cl\u00e1ssica.<\/p>\n<hr \/>\n<p style=\"text-align: center;\"><img loading=\"lazy\" decoding=\"async\" class=\" size-full wp-image-93551\" src=\"http:\/\/diarioregionaljf.com.br\/wp-content\/uploads\/2018\/03\/diario-int-24938-4.jpeg\" alt=\"(4).jpeg\" width=\"220\" height=\"293\" srcset=\"https:\/\/diarioregionaldigital.com.br\/wp-content\/uploads\/2018\/03\/diario-int-24938-4.jpeg 338w, https:\/\/diarioregionaldigital.com.br\/wp-content\/uploads\/2018\/03\/diario-int-24938-4-225x300.jpeg 225w\" sizes=\"auto, (max-width: 220px) 100vw, 220px\" \/><\/p>\n<h4 style=\"text-align: center;\">Silvana Souza<\/h4>\n<p style=\"text-align: center;\"><strong>1. Tem alguma mulher que seja sua inspira\u00e7\u00e3o fashion?<\/strong><br \/>Normalmente n\u00e3o me inspiro em nenhuma mulher, mas atualmente acho que a Victoria Beckham tem um estilo que me agrada muito.<\/p>\n<p style=\"text-align: center;\"><strong>2. Cite uma tend\u00eancia que est\u00e1 ou esteve na moda, mas que nunca usaria.<\/strong><br \/>N\u00e3o me lembro de ter alguma tend\u00eancia que deixei de usar pelo menos um acess\u00f3rio ou detalhe. Hoje em dia conseguimos usar todas as tend\u00eancias e as adequando em nosso estilo.<\/p>\n<p style=\"text-align: center;\"><strong>3. Qual a sua pe\u00e7a de roupa favorita neste momento?<\/strong><br \/>Estou na fase dos vestidos, sendo eles longos, curtos, midis, casuais ou festa. Pe\u00e7a chave do meu momento.<\/p>\n<p style=\"text-align: center;\"><strong>4. Voc\u00ea teve alguma mudan\u00e7a de comportamento no seu consumo de moda nos \u00faltimos tempos? Quais?<\/strong><br \/>Mudei bastante nos \u00faltimos anos, principalmente depois da maternidade. Passei consumir menos quantidade para mais qualidade, isto \u00e9, pe\u00e7as atemporais, dei prefer\u00eancia para tecidos que d\u00e3o aspecto de estar sempre bem vestida.<\/p>\n<hr \/>\n<p style=\"text-align: center;\"><img loading=\"lazy\" decoding=\"async\" class=\" size-full wp-image-93552\" src=\"http:\/\/diarioregionaljf.com.br\/wp-content\/uploads\/2018\/03\/diario-int-24938-5.jpeg\" alt=\"(5).jpeg\" width=\"254\" height=\"169\" srcset=\"https:\/\/diarioregionaldigital.com.br\/wp-content\/uploads\/2018\/03\/diario-int-24938-5.jpeg 676w, https:\/\/diarioregionaldigital.com.br\/wp-content\/uploads\/2018\/03\/diario-int-24938-5-300x200.jpeg 300w, https:\/\/diarioregionaldigital.com.br\/wp-content\/uploads\/2018\/03\/diario-int-24938-5-360x240.jpeg 360w\" sizes=\"auto, (max-width: 254px) 100vw, 254px\" \/><\/p>\n<h4 style=\"text-align: center;\">Isabella Og<\/h4>\n<p style=\"text-align: center;\"><strong>1. Tem alguma mulher que seja sua inspira\u00e7\u00e3o fashion?<\/strong><br \/>&nbsp;Chiara Ferragni \u00e9 minha inspira\u00e7\u00e3o fashion, sempre moderna e cool, sem perder a eleg\u00e2ncia.<\/p>\n<p style=\"text-align: center;\"><strong>2. Cite uma tend\u00eancia que est\u00e1 ou esteve na moda, mas que nunca usaria.<\/strong><br \/>&nbsp;Atualmente, n\u00e3o usaria o salto baixo do tipo Slingback, porque acho muito s\u00e9rio pro meu estilo e idade.<\/p>\n<p style=\"text-align: center;\"><strong>3. Qual a sua pe\u00e7a de roupa favorita neste momento?<\/strong><br \/>Minha pe\u00e7a de roupa favorita no momento \u00e9 o body, \u00e9 uma pe\u00e7a muito vers\u00e1til, que posso usar de v\u00e1rias maneiras e estilos.<\/p>\n<p style=\"text-align: center;\"><strong>4. Voc\u00ea teve alguma mudan\u00e7a de comportamento no seu consumo de moda nos \u00faltimos tempos? Quais?<\/strong><br \/>Nos \u00faltimos tempos, tenho mudado meu comportamento pra usar uma moda mais consciente, adquirindo roupas atrav\u00e9s de bazares e brech\u00f3s, e tentando reaproveit\u00e1-las em v\u00e1rios looks diferentes, fazendo um \u201cHi-Lo\u201d com outras pe\u00e7as do meu closet.<\/p>\n<hr \/>\n<p style=\"text-align: center;\"><img loading=\"lazy\" decoding=\"async\" class=\" size-full wp-image-93553\" src=\"http:\/\/diarioregionaljf.com.br\/wp-content\/uploads\/2018\/03\/diario-int-24938-6.jpeg\" alt=\"(6).jpeg\" width=\"213\" height=\"267\" srcset=\"https:\/\/diarioregionaldigital.com.br\/wp-content\/uploads\/2018\/03\/diario-int-24938-6.jpeg 360w, https:\/\/diarioregionaldigital.com.br\/wp-content\/uploads\/2018\/03\/diario-int-24938-6-240x300.jpeg 240w\" sizes=\"auto, (max-width: 213px) 100vw, 213px\" \/><\/p>\n<h4 style=\"text-align: center;\"><strong>J\u00falia Horta<\/strong><\/h4>\n<p style=\"text-align: center;\"><strong>1. Tem alguma mulher que seja sua inspira\u00e7\u00e3o fashion?<\/strong><br \/>Marina Ruy Barbosa.<\/p>\n<p style=\"text-align: center;\"><strong>2. Cite uma tend\u00eancia que est\u00e1 ou esteve na moda, mas que nunca usaria.<\/strong><br \/>&nbsp;N\u00e3o tem nada que eu fale \u201cnunca vou usar\u201d. Eu aplico o \u201cnunca diga nunca\u201d em tudo na minha vida, inclusive nas roupas (rsrs).<\/p>\n<p style=\"text-align: center;\"><strong>3. Qual a sua pe\u00e7a de roupa favorita neste momento?<\/strong><br \/>Cal\u00e7a pantacourt.<\/p>\n<p style=\"text-align: center;\"><strong>4. Voc\u00ea teve alguma mudan\u00e7a de comportamento no seu consumo de moda nos \u00faltimos tempos? Quais?<\/strong><br \/>Sim, acredito que amadureci em rela\u00e7\u00e3o \u00e0s minhas roupas. Hoje me sinto livre pra usar o que eu quero e quando quero sem me preocupar com o que os outros acham. Se eu gosto, uso.<\/p>\n<hr \/>\n<p style=\"text-align: center;\"><img loading=\"lazy\" decoding=\"async\" class=\" size-full wp-image-93554\" src=\"http:\/\/diarioregionaljf.com.br\/wp-content\/uploads\/2018\/03\/diario-int-24938-7.jpeg\" alt=\"(7).jpeg\" width=\"196\" height=\"294\" srcset=\"https:\/\/diarioregionaldigital.com.br\/wp-content\/uploads\/2018\/03\/diario-int-24938-7.jpeg 300w, https:\/\/diarioregionaldigital.com.br\/wp-content\/uploads\/2018\/03\/diario-int-24938-7-200x300.jpeg 200w\" sizes=\"auto, (max-width: 196px) 100vw, 196px\" \/><\/p>\n<h4 style=\"text-align: center;\">Lorena Rodrigues<\/h4>\n<p style=\"text-align: center;\"><strong>1. Tem alguma mulher que seja sua inspira\u00e7\u00e3o fashion?<\/strong><br \/>Me inspiro muito no jeito que a Th\u00e1ssia Naves brinca com suas produ\u00e7\u00f5es. Uma voltinha por sua rede social e minha mente j\u00e1 v\u00ea novas possibilidades no meu pr\u00f3prio arm\u00e1rio!<\/p>\n<p style=\"text-align: center;\"><strong>2. Cite uma tend\u00eancia que est\u00e1 ou esteve na moda, mas que nunca usaria.<\/strong><br \/>N\u00e3o sei o dia de amanh\u00e3, mas por hora eu n\u00e3o usaria denim boots.<\/p>\n<p style=\"text-align: center;\"><strong>3. Qual a sua pe\u00e7a de roupa favorita neste momento?<\/strong><br \/>Macac\u00e3o! Acho simples, sofisticado e confort\u00e1vel.<\/p>\n<p style=\"text-align: center;\"><strong>4. Voc\u00ea teve alguma mudan\u00e7a de comportamento no seu consumo de moda nos \u00faltimos tempos? Quais?<\/strong><br \/>Com a correria dos meus dias tenho cada vez menos sa\u00eddo para fazer compras. No geral estou fazendo outras coisas quando me deparo com algo que me encanta em uma vitrine. S\u00f3 entro na loja se for para levar!<\/p>\n<hr \/>\n<p style=\"text-align: center;\"><img loading=\"lazy\" decoding=\"async\" class=\" size-full wp-image-93555\" src=\"http:\/\/diarioregionaljf.com.br\/wp-content\/uploads\/2018\/03\/diario-int-24938-8.jpeg\" alt=\"(8).jpeg\" width=\"190\" height=\"265\" srcset=\"https:\/\/diarioregionaldigital.com.br\/wp-content\/uploads\/2018\/03\/diario-int-24938-8.jpeg 322w, https:\/\/diarioregionaldigital.com.br\/wp-content\/uploads\/2018\/03\/diario-int-24938-8-215x300.jpeg 215w\" sizes=\"auto, (max-width: 190px) 100vw, 190px\" \/><\/p>\n<h4 style=\"text-align: center;\">Patr\u00edcia Alvim<\/h4>\n<p style=\"text-align: center;\"><strong>1. Tem alguma mulher que seja sua inspira\u00e7\u00e3o fashion?<\/strong><br \/>A minha inspira\u00e7\u00e3o fashion vem sempre ligada ao life style da pessoa, a linguagem tem que ser uma s\u00f3. N\u00e3o d\u00e1 pra vestir algo e n\u00e3o combinar com o que veste. Minhas inspira\u00e7\u00f5es: Giorgia Gabriele , Carolina Ferraz e Donata Meirelles.<\/p>\n<p style=\"text-align: center;\"><strong>2. Cite uma tend\u00eancia que est\u00e1 ou esteve na moda, mas que nunca usaria.<\/strong><br \/>Dif\u00edcil na moda dizer a palavra NUNCA, mas vou arriscar dizer, bota branca.<\/p>\n<p style=\"text-align: center;\"><strong>&nbsp;3. Qual a sua pe\u00e7a de roupa favorita neste momento?<\/strong><br \/>Pantacourt, Comprimento midi e Macac\u00e3o.<\/p>\n<p style=\"text-align: center;\"><strong>4. Voc\u00ea teve alguma mudan\u00e7a de comportamento no seu consumo de moda nos \u00faltimos tempos? Quais?<\/strong><br \/>Sim. Antes eu usava pe\u00e7as unicamente pela beleza, hoje minha prioridade \u00e9 o conforto.<\/p>\n<hr \/>\n<p style=\"text-align: center;\"><img loading=\"lazy\" decoding=\"async\" class=\" size-full wp-image-93556\" src=\"http:\/\/diarioregionaljf.com.br\/wp-content\/uploads\/2018\/03\/diario-int-24938-9.jpeg\" alt=\"(9).jpeg\" width=\"188\" height=\"278\" srcset=\"https:\/\/diarioregionaldigital.com.br\/wp-content\/uploads\/2018\/03\/diario-int-24938-9.jpeg 304w, https:\/\/diarioregionaldigital.com.br\/wp-content\/uploads\/2018\/03\/diario-int-24938-9-203x300.jpeg 203w\" sizes=\"auto, (max-width: 188px) 100vw, 188px\" \/><\/p>\n<h4 style=\"text-align: center;\">Larissa Chehuen<\/h4>\n<p style=\"text-align: center;\"><strong>1. Tem alguma mulher que seja sua inspira\u00e7\u00e3o fashion?<\/strong><br \/>Thassia Naves e Camila Coelho s\u00e3o minhas favoritas. Super fashionistas e ousadas!<\/p>\n<p style=\"text-align: center;\"><strong>2. Cite uma tend\u00eancia que est\u00e1 ou esteve na moda, mas que nunca usaria.<\/strong><br \/>Nenhuma! Acho que tend\u00eancia vem exatamente para gente ousar e usar aquilo que imagin\u00e1vamos que nunca usar\u00edamos.<\/p>\n<p style=\"text-align: center;\"><strong>3. Qual a sua pe\u00e7a de roupa favorita neste momento?<\/strong><br \/>Cal\u00e7a de couro. Acho que \u00e9 um key item para combinar com tudo e ficar chic e estilosa. Tenho investido em v\u00e1rias cores para sair do \u00f3bvio.<\/p>\n<p style=\"text-align: center;\"><strong>4. Voc\u00ea teve alguma mudan\u00e7a de comportamento no seu consumo de moda nos \u00faltimos tempos? Quais?<\/strong><br \/>Sim, tenho pensado mais no consumo consciente. O planeta precisa disso! Tenho vendido v\u00e1rias pe\u00e7as de roupa que n\u00e3o uso mais e considero energia parada no arm\u00e1rio, al\u00e9m de ter diminu\u00eddo as compras de itens novos.<\/p>\n<hr \/>\n<p style=\"text-align: center;\"><img loading=\"lazy\" decoding=\"async\" class=\" size-full wp-image-93557\" src=\"http:\/\/diarioregionaljf.com.br\/wp-content\/uploads\/2018\/03\/diario-int-24938-10.jpeg\" alt=\"(10).jpeg\" width=\"209\" height=\"263\" srcset=\"https:\/\/diarioregionaldigital.com.br\/wp-content\/uploads\/2018\/03\/diario-int-24938-10.jpeg 358w, https:\/\/diarioregionaldigital.com.br\/wp-content\/uploads\/2018\/03\/diario-int-24938-10-239x300.jpeg 239w\" sizes=\"auto, (max-width: 209px) 100vw, 209px\" \/><\/p>\n<h4 style=\"text-align: center;\">Larissa Lessa<\/h4>\n<p style=\"text-align: center;\"><strong>1. Tem alguma mulher que seja sua inspira\u00e7\u00e3o fashion?<\/strong><br \/>Varias mulheres me inspiram! Citar uma seria cruel &#8230;. rsrsrsrs. Mas admiro muito a talentosa Carolina Ferraz. Mulher cheia de estilo, aut\u00eantica e constante.<\/p>\n<p style=\"text-align: center;\"><strong>&nbsp;2. Cite uma tend\u00eancia que est\u00e1 ou esteve na moda, mas que nunca usaria.<\/strong><br \/>Sobre tend\u00eancia, a moda est\u00e1 sempre em movimento. Percebo um fervor maior em rela\u00e7\u00e3o ao Xadrez pr\u00edncipe de Galles, a t\u00e3o adorada botinha vermelha e a bota branca, como tamb\u00e9m o retorno da cal\u00e7a clochard. Mas o que importa mesmo \u00e9 se conhecer. Reconhecer seu estilo! Ter confian\u00e7a e atitude no look!<\/p>\n<p style=\"text-align: center;\"><strong>3. Qual a sua pe\u00e7a de roupa favorita neste momento?<\/strong><br \/>Eu atualmente ando apaixonada em uma cal\u00e7a jeans destroyed boyfriend que adquiri ano passado! Criei varias looks com ela e estou abusando do conforto!<\/p>\n<p style=\"text-align: center;\"><strong>4. Voc\u00ea teve alguma mudan\u00e7a de comportamento no seu consumo de moda nos \u00faltimos tempos? Quais?<\/strong><br \/>Tive uma mudan\u00e7a no consumo das pe\u00e7as. Como tive a marca Larissa Lessa por muitos anos, tenho um closet relativamente farto (rsrsrsrs). Ando mais seletiva com meu Closet . Menos pe\u00e7as e mais qualidade. S\u00f3 entra o que realmente amo!<\/p>\n<hr \/>\n<p style=\"text-align: center;\"><img loading=\"lazy\" decoding=\"async\" class=\" size-full wp-image-93558\" src=\"http:\/\/diarioregionaljf.com.br\/wp-content\/uploads\/2018\/03\/diario-int-24938-11.jpeg\" alt=\"(11).jpeg\" width=\"208\" height=\"277\" srcset=\"https:\/\/diarioregionaldigital.com.br\/wp-content\/uploads\/2018\/03\/diario-int-24938-11.jpeg 338w, https:\/\/diarioregionaldigital.com.br\/wp-content\/uploads\/2018\/03\/diario-int-24938-11-225x300.jpeg 225w\" sizes=\"auto, (max-width: 208px) 100vw, 208px\" \/><\/p>\n<h4 style=\"text-align: center;\">Fabiana Carraro<\/h4>\n<p style=\"text-align: center;\">&nbsp;<\/p>\n<p style=\"text-align: center;\"><strong>1. Tem alguma mulher que seja sua inspira\u00e7\u00e3o fashion?<\/strong><br \/>A \u00cdris Apfel \u00e9 um exemplo de mulher estilosa. Ela demonstra com atitudes e com seu jeito \u00fanico de se vestir que n\u00e3o h\u00e1 idade para ter estilo e personalidade. Com mais de 90 anos, ela \u00e9 a fashionista mais incr\u00edvel, sob meu ponto de vista.<\/p>\n<p style=\"text-align: center;\"><strong>&nbsp;2. Cite uma tend\u00eancia que est\u00e1 ou esteve na moda, mas que nunca usaria.<\/strong><br \/>Salto alto com desenho. Vi na vitrine de uma marca internacional um scarpin que tinha o salto em forma de cora\u00e7\u00e3o. Outro, com desenho de um lim\u00e3o e outro, simulava um p\u00e9 de mesa. Acho uma arte bonita (de vitrine bem Conceitual), mas n\u00e3o usaria.<\/p>\n<p style=\"text-align: center;\"><strong>3. Qual a sua pe\u00e7a de roupa favorita neste momento?<\/strong><br \/>Como tem feito muito calor aqui no Rio de Janeiro, neste momento, tenho optado bastante por body no estilo \u201ccavado\u201d. Acho confort\u00e1vel, consigo fazer looks bem aut\u00eanticos com sobreposi\u00e7\u00e3o.<\/p>\n<p style=\"text-align: center;\"><strong>4. Voc\u00ea teve alguma mudan\u00e7a de comportamento no seu consumo de moda nos \u00faltimos tempos? Quais?<\/strong><br \/>Sim. Sempre tive como lema o conforto e a versatilidade ao me vestir. E tento repassar isso para minhas clientes na Consultoria de Estilo. Aprender e estudar o autoconhecimento, fortalecer a autoestima, conhecer as pe\u00e7as que tem no arm\u00e1rio, saber compor produ\u00e7\u00f5es com roupas novas e antigas, s\u00e3o comportamentos importantes para um consumo mais consciente da moda, no ato de se vestir e na imagem correta que desejamos passar para a sociedade.<\/p>\n<hr \/>\n<p style=\"text-align: center;\"><img loading=\"lazy\" decoding=\"async\" class=\" size-full wp-image-93559\" src=\"http:\/\/diarioregionaljf.com.br\/wp-content\/uploads\/2018\/03\/diario-int-24938-12.jpeg\" alt=\"(12).jpeg\" width=\"234\" height=\"234\" srcset=\"https:\/\/diarioregionaldigital.com.br\/wp-content\/uploads\/2018\/03\/diario-int-24938-12.jpeg 450w, https:\/\/diarioregionaldigital.com.br\/wp-content\/uploads\/2018\/03\/diario-int-24938-12-150x150.jpeg 150w, https:\/\/diarioregionaldigital.com.br\/wp-content\/uploads\/2018\/03\/diario-int-24938-12-300x300.jpeg 300w, https:\/\/diarioregionaldigital.com.br\/wp-content\/uploads\/2018\/03\/diario-int-24938-12-180x180.jpeg 180w, https:\/\/diarioregionaldigital.com.br\/wp-content\/uploads\/2018\/03\/diario-int-24938-12-120x120.jpeg 120w, https:\/\/diarioregionaldigital.com.br\/wp-content\/uploads\/2018\/03\/diario-int-24938-12-360x360.jpeg 360w, https:\/\/diarioregionaldigital.com.br\/wp-content\/uploads\/2018\/03\/diario-int-24938-12-80x80.jpeg 80w\" sizes=\"auto, (max-width: 234px) 100vw, 234px\" \/><\/p>\n<h4 style=\"text-align: center;\">Ca Villas<\/h4>\n<p style=\"text-align: center;\"><strong>1. Tem alguma mulher que seja sua inspira\u00e7\u00e3o fashion?<\/strong><br \/>&nbsp;Sempre Olivia Palermo! Cl\u00e1ssica e elegante! Sabe lidar bem com tend\u00eancias e modismos.<\/p>\n<p style=\"text-align: center;\"><strong>2. Cite uma tend\u00eancia que est\u00e1 ou esteve na moda, mas que nunca usaria.<\/strong><br \/>&nbsp;Salto em acr\u00edlico! Acredito que n\u00e3o irei me acostumar com ele.<\/p>\n<p style=\"text-align: center;\"><strong>&nbsp;3. Qual a sua pe\u00e7a de roupa favorita neste momento?<\/strong><br \/>Jaqueta jeans! Para proteger do frio, fazer sobreposi\u00e7\u00e3o, amarrar na cintura e ainda usar como camisa! Mais democr\u00e1tica imposs\u00edvel.<\/p>\n<p style=\"text-align: center;\"><strong>4. Voc\u00ea teve alguma mudan\u00e7a de comportamento no seu consumo de moda nos \u00faltimos tempos? Quais?<\/strong><br \/>Com certeza! Estudar moda me colocou para pensar no que consumia. Aprendi a dar valor para o que realmente irei usar. A fazer combina\u00e7\u00f5es inteligentes. A pensar em qualidade em primeiro lugar ao inv\u00e9s da quantidade.<br \/>Pe\u00e7as inteligentes e atemporais fazem um bom guarda-roupa.<\/p>\n<hr \/>\n<p style=\"text-align: center;\"><img loading=\"lazy\" decoding=\"async\" class=\" size-full wp-image-93560\" src=\"http:\/\/diarioregionaljf.com.br\/wp-content\/uploads\/2018\/03\/diario-int-24938-13.jpeg\" alt=\"(13).jpeg\" width=\"225\" height=\"281\" srcset=\"https:\/\/diarioregionaldigital.com.br\/wp-content\/uploads\/2018\/03\/diario-int-24938-13.jpeg 360w, https:\/\/diarioregionaldigital.com.br\/wp-content\/uploads\/2018\/03\/diario-int-24938-13-240x300.jpeg 240w\" sizes=\"auto, (max-width: 225px) 100vw, 225px\" \/><\/p>\n<h4 style=\"text-align: center;\">Mariana Noronha<\/h4>\n<p style=\"text-align: center;\">&nbsp;<\/p>\n<p style=\"text-align: center;\"><strong>1. Tem alguma mulher que seja sua inspira\u00e7\u00e3o fashion?<\/strong><br \/>Atualmente n\u00e3o tenho somente uma mulher que seja minha inspira\u00e7\u00e3o fashion, tenho v\u00e1rias. Tenho um ritual de entrar todos os dias no Instagram delas. Vou citar algumas, pode ser? Anotem, pois elas arrasam em quest\u00e3o de looks e cen\u00e1rios. As minhas musas s\u00e3o as brasileiras Micheli Fernandes, Gabriela Sales, Mariana Dalla, Thassia Naves e as gringas Isabella Thordsen e Sofia Reis.<\/p>\n<p style=\"text-align: center;\"><strong>2. Cite uma tend\u00eancia que est\u00e1 ou esteve na moda, mas que nunca usaria.<\/strong><br \/>Nossa, eu uso quase tudo! Sempre tento adaptar com o meu estilo e o meu biotipo. Por exemplo, j\u00e1 usei muita transpar\u00eancia, usei meia com salto alto, boina e pochete. Acredito que a \u00fanica coisa que eu evito \u00e9 cal\u00e7a com cintura baixa. N\u00e3o me valoriza nem um pouco e n\u00e3o \u00e9 confort\u00e1vel, a meu ver.<\/p>\n<p style=\"text-align: center;\"><strong>3. Qual a sua pe\u00e7a de roupa favorita neste momento?<\/strong><br \/>Saia. Amo saia curta, seja jeans, de couro fake, enfim n\u00e3o importa o material. Acredito que uns 80% dos meus looks eu estou com saia.<\/p>\n<p style=\"text-align: center;\"><strong>4. Voc\u00ea teve alguma mudan\u00e7a de comportamento no seu consumo de moda nos \u00faltimos tempos? Quais?<\/strong><br \/>Hoje, estou mais contida nos gastos, mas quando decido comprar quero qualidade e pre\u00e7o. Procuro hoje por uma pe\u00e7a que seja vers\u00e1til, tenha estilo, me vista bem e seja confort\u00e1vel. Antes eu comprava por impulso, por estar na moda e acabava usando uma ou duas vezes.<\/p>\n<hr \/>\n<p style=\"text-align: center;\"><img loading=\"lazy\" decoding=\"async\" class=\" size-full wp-image-93561\" src=\"http:\/\/diarioregionaljf.com.br\/wp-content\/uploads\/2018\/03\/diario-int-24938-14.jpeg\" alt=\"(14).jpeg\" width=\"223\" height=\"297\" srcset=\"https:\/\/diarioregionaldigital.com.br\/wp-content\/uploads\/2018\/03\/diario-int-24938-14.jpeg 338w, https:\/\/diarioregionaldigital.com.br\/wp-content\/uploads\/2018\/03\/diario-int-24938-14-225x300.jpeg 225w\" sizes=\"auto, (max-width: 223px) 100vw, 223px\" \/><\/p>\n<h4 style=\"text-align: center;\">Aline Firjam<\/h4>\n<p style=\"text-align: center;\">&nbsp;<\/p>\n<p style=\"text-align: center;\"><strong>1. Tem alguma mulher que seja sua inspira\u00e7\u00e3o fashion?<\/strong><br \/>Chanel, desde sempre! Sobretudo pela sua atitude, coragem e independ\u00eancia ainda na d\u00e9cada de 20.<\/p>\n<p style=\"text-align: center;\"><strong>2. Cite uma tend\u00eancia que est\u00e1 ou esteve na moda, mas que nunca usaria.<\/strong><br \/>Bota branca nem antes, nem agora e nem depois!<\/p>\n<p style=\"text-align: center;\"><strong>3. Qual a sua pe\u00e7a de roupa favorita neste momento?<\/strong><br \/>Jeans s\u00e3o sempre meus best friends e uma jaqueta de couro preta que \u00e9 sempre minha favorita. Foi um belo investimento!<\/p>\n<p style=\"text-align: center;\"><strong>4. Voc\u00ea teve alguma mudan\u00e7a de comportamento no seu consumo de moda nos \u00faltimos tempos? Quais?<\/strong><br \/>Sim. Passei a comprar menos e melhor. Comecei a investir em pe\u00e7as mais caras e de qualidade, que s\u00e3o atemporais e duram por muitas esta\u00e7\u00f5es.<\/p>\n<hr \/>\n<p style=\"text-align: center;\"><img loading=\"lazy\" decoding=\"async\" class=\" size-full wp-image-93562\" src=\"http:\/\/diarioregionaljf.com.br\/wp-content\/uploads\/2018\/03\/diario-int-24938-15.jpeg\" alt=\"(15).jpeg\" width=\"190\" height=\"308\" srcset=\"https:\/\/diarioregionaldigital.com.br\/wp-content\/uploads\/2018\/03\/diario-int-24938-15.jpeg 278w, https:\/\/diarioregionaldigital.com.br\/wp-content\/uploads\/2018\/03\/diario-int-24938-15-185x300.jpeg 185w\" sizes=\"auto, (max-width: 190px) 100vw, 190px\" \/><\/p>\n<h4 style=\"text-align: center;\">Myrliane Le\u00e3o<\/h4>\n<p style=\"text-align: center;\">&nbsp;<\/p>\n<p style=\"text-align: center;\"><strong>1. Tem alguma mulher que seja sua inspira\u00e7\u00e3o fashion?<\/strong><br \/>Gosto muito das suas super dicas e das de S\u00edlvia Braz.<\/p>\n<p style=\"text-align: center;\"><strong>2. Cite uma tend\u00eancia que est\u00e1 ou esteve na moda, mas que nunca usaria.<\/strong><br \/>Pochetes. Usaria apenas em blocos de carnaval pela sua praticidade.<\/p>\n<p style=\"text-align: center;\"><strong>3. Qual a sua pe\u00e7a de roupa favorita neste momento?<\/strong><br \/>Vestidos de ver\u00e3o com comprimentos diversos.<\/p>\n<p style=\"text-align: center;\"><strong>4. Voc\u00ea teve alguma mudan\u00e7a de comportamento no seu consumo de moda nos \u00faltimos tempos? Quais?<\/strong><br \/>Sim. Procuro comprar pe\u00e7as sem estamparias e tenho usado roupas que estavam meio esquecidas no meu closet.<\/p>\n<hr \/>\n<p style=\"text-align: center;\"><img loading=\"lazy\" decoding=\"async\" class=\" size-full wp-image-93563\" src=\"http:\/\/diarioregionaljf.com.br\/wp-content\/uploads\/2018\/03\/diario-int-24938-16.jpeg\" alt=\"(16).jpeg\" width=\"167\" height=\"301\" srcset=\"https:\/\/diarioregionaldigital.com.br\/wp-content\/uploads\/2018\/03\/diario-int-24938-16.jpeg 250w, https:\/\/diarioregionaldigital.com.br\/wp-content\/uploads\/2018\/03\/diario-int-24938-16-167x300.jpeg 167w\" sizes=\"auto, (max-width: 167px) 100vw, 167px\" \/><\/p>\n<h4 style=\"text-align: center;\">Selma Flutt<\/h4>\n<p style=\"text-align: center;\"><strong>1. Tem alguma mulher que seja sua inspira\u00e7\u00e3o fashion?<\/strong><br \/>Por incr\u00edvel que pare\u00e7a acho incr\u00edvel a eleg\u00e2ncia tanto de suas cole\u00e7\u00f5es quanto de seu estilo pessoal de Victoria Beckham.<\/p>\n<p style=\"text-align: center;\"><strong>2. Cite uma tend\u00eancia que est\u00e1 ou esteve na moda, mas que nunca usaria.<\/strong><br \/>Cal\u00e7as com rombos exagerados nos joelhos.<\/p>\n<p style=\"text-align: center;\"><strong>3. Qual a sua pe\u00e7a de roupa favorita neste momento?<\/strong><br \/>Cal\u00e7a de moletom com saltos. Comfy com eleg\u00e2ncia.<\/p>\n<p style=\"text-align: center;\"><strong>4. Voc\u00ea teve alguma mudan\u00e7a de comportamento no seu consumo de moda nos \u00faltimos tempos? Quais?<\/strong><br \/>Sim, procuro por pe\u00e7as mais neutras e atemporais que possibilite o arm\u00e1rio c\u00e1psula, n\u00e3o no sentido de consumir menos, mas consumir melhor, ter mais pe\u00e7as de cima e assim ter mais possibilidade de combina\u00e7\u00f5es.<\/p>\n<hr \/>\n<p style=\"text-align: center;\"><img loading=\"lazy\" decoding=\"async\" class=\" size-full wp-image-93564\" src=\"http:\/\/diarioregionaljf.com.br\/wp-content\/uploads\/2018\/03\/diario-int-24938-17.jpeg\" alt=\"(17).jpeg\" width=\"159\" height=\"239\" srcset=\"https:\/\/diarioregionaldigital.com.br\/wp-content\/uploads\/2018\/03\/diario-int-24938-17.jpeg 300w, https:\/\/diarioregionaldigital.com.br\/wp-content\/uploads\/2018\/03\/diario-int-24938-17-200x300.jpeg 200w\" sizes=\"auto, (max-width: 159px) 100vw, 159px\" \/><\/p>\n<h4 style=\"text-align: center;\">Ingrid Og<\/h4>\n<p style=\"text-align: center;\"><strong>1. Tem alguma mulher que seja sua inspira\u00e7\u00e3o fashion?<\/strong><br \/>Gabrielle Bonheur Chanel. Mulher incrivelmente criativa, guerreira e elegante!<\/p>\n<p style=\"text-align: center;\"><strong>2. Cite uma tend\u00eancia que est\u00e1 ou esteve na moda, mas que nunca usaria.<\/strong><br \/>Sou muito aberta \u00e0s tend\u00eancias da moda, s\u00f3 n\u00e3o uso se n\u00e3o me cair bem, mas n\u00e3o tenho preconceito com nenhuma roupa.<\/p>\n<p style=\"text-align: center;\"><strong>3. Qual a sua pe\u00e7a de roupa favorita neste momento?<\/strong><br \/>Cal\u00e7a clochard. Sempre usei e agora \u00e9 tend\u00eancia. Acho confort\u00e1vel e me alonga.<\/p>\n<p style=\"text-align: center;\"><strong>4. Voc\u00ea teve alguma mudan\u00e7a de comportamento no seu consumo de moda nos \u00faltimos tempos? Quais?<\/strong><br \/>Com o passar dos anos fui conhecendo o que me favorece e o que me faz sentir bem e confort\u00e1vel. Adoro pe\u00e7as b\u00e1sicas e brincar com acess\u00f3rios e pe\u00e7as antigas das minhas av\u00f3s.<\/p>\n","protected":false},"excerpt":{"rendered":"<p>Reunimos as mulheres que j\u00e1 passaram pelo nosso Raio X Fashion para uma coluna especial em comemora\u00e7\u00e3o ao Dia Internacional da Mulher. E viva a mulherada!!! &nbsp; Daniele Siqueira &nbsp; 1. Tem alguma mulher que seja sua inspira\u00e7\u00e3o fashion?&nbsp;Ol\u00edvia Palermo. 2. Cite uma tend\u00eancia que est\u00e1 ou esteve na moda, mas que nunca usaria.Eu n\u00e3o [&hellip;]<\/p>\n","protected":false},"author":96,"featured_media":93547,"comment_status":"closed","ping_status":"closed","sticky":false,"template":"","format":"standard","meta":{"footnotes":""},"categories":[285],"tags":[],"class_list":["post-93565","post","type-post","status-publish","format-standard","has-post-thumbnail","hentry","category-moda-ana-paula-calixto"],"_links":{"self":[{"href":"https:\/\/diarioregionaldigital.com.br\/index.php?rest_route=\/wp\/v2\/posts\/93565","targetHints":{"allow":["GET"]}}],"collection":[{"href":"https:\/\/diarioregionaldigital.com.br\/index.php?rest_route=\/wp\/v2\/posts"}],"about":[{"href":"https:\/\/diarioregionaldigital.com.br\/index.php?rest_route=\/wp\/v2\/types\/post"}],"author":[{"embeddable":true,"href":"https:\/\/diarioregionaldigital.com.br\/index.php?rest_route=\/wp\/v2\/users\/96"}],"replies":[{"embeddable":true,"href":"https:\/\/diarioregionaldigital.com.br\/index.php?rest_route=%2Fwp%2Fv2%2Fcomments&post=93565"}],"version-history":[{"count":0,"href":"https:\/\/diarioregionaldigital.com.br\/index.php?rest_route=\/wp\/v2\/posts\/93565\/revisions"}],"wp:featuredmedia":[{"embeddable":true,"href":"https:\/\/diarioregionaldigital.com.br\/index.php?rest_route=\/wp\/v2\/media\/93547"}],"wp:attachment":[{"href":"https:\/\/diarioregionaldigital.com.br\/index.php?rest_route=%2Fwp%2Fv2%2Fmedia&parent=93565"}],"wp:term":[{"taxonomy":"category","embeddable":true,"href":"https:\/\/diarioregionaldigital.com.br\/index.php?rest_route=%2Fwp%2Fv2%2Fcategories&post=93565"},{"taxonomy":"post_tag","embeddable":true,"href":"https:\/\/diarioregionaldigital.com.br\/index.php?rest_route=%2Fwp%2Fv2%2Ftags&post=93565"}],"curies":[{"name":"wp","href":"https:\/\/api.w.org\/{rel}","templated":true}]}}