{"id":93546,"date":"2018-03-09T20:30:09","date_gmt":"2018-03-09T23:30:09","guid":{"rendered":"http:\/\/diarioregionaljf.com.br\/2018\/03\/09\/convite-fundacao-francisco-baptista-do-nascimento\/"},"modified":"2018-08-13T20:38:11","modified_gmt":"2018-08-13T23:38:11","slug":"convite-fundacao-francisco-baptista-do-nascimento","status":"publish","type":"post","link":"https:\/\/diarioregionaldigital.com.br\/?p=93546","title":{"rendered":"CONVITE &#8211; FUNDA\u00c7\u00c3O FRANCISCO BAPTISTA DO NASCIMENTO"},"content":{"rendered":"<p>\u201cEu M\u00e1rcia Oliveira do Nascimento; atual presidente da Funda\u00e7\u00e3o Francisco Baptista do Nascimento, venho atrav\u00e9s deste, convidar para nossa reuni\u00e3o de avalia\u00e7\u00e3o e presta\u00e7\u00e3o de conta; ano base 2017. Que ocorrer\u00e1 em nossa sede, no dia 6 de abril de 2018, \u00e1s 14h30min horas, com a presen\u00e7a da atual diretoria e Conselho fiscal.<\/p>\n<p style=\"text-align: center;\">Aguardando a presen\u00e7a desta promotoria, agradecemos, \u00e0 costumeira aten\u00e7\u00e3o.\u201d<\/p>\n","protected":false},"excerpt":{"rendered":"<p>\u201cEu M\u00e1rcia Oliveira do Nascimento; atual presidente da Funda\u00e7\u00e3o Francisco Baptista do Nascimento, venho atrav\u00e9s deste, convidar para nossa reuni\u00e3o de avalia\u00e7\u00e3o e presta\u00e7\u00e3o de conta; ano base 2017. Que ocorrer\u00e1 em nossa sede, no dia 6 de abril de 2018, \u00e1s 14h30min horas, com a presen\u00e7a da atual diretoria e Conselho fiscal. Aguardando a [&hellip;]<\/p>\n","protected":false},"author":96,"featured_media":0,"comment_status":"closed","ping_status":"closed","sticky":false,"template":"","format":"standard","meta":{"footnotes":""},"categories":[307],"tags":[],"class_list":["post-93546","post","type-post","status-publish","format-standard","hentry","category-editais"],"_links":{"self":[{"href":"https:\/\/diarioregionaldigital.com.br\/index.php?rest_route=\/wp\/v2\/posts\/93546","targetHints":{"allow":["GET"]}}],"collection":[{"href":"https:\/\/diarioregionaldigital.com.br\/index.php?rest_route=\/wp\/v2\/posts"}],"about":[{"href":"https:\/\/diarioregionaldigital.com.br\/index.php?rest_route=\/wp\/v2\/types\/post"}],"author":[{"embeddable":true,"href":"https:\/\/diarioregionaldigital.com.br\/index.php?rest_route=\/wp\/v2\/users\/96"}],"replies":[{"embeddable":true,"href":"https:\/\/diarioregionaldigital.com.br\/index.php?rest_route=%2Fwp%2Fv2%2Fcomments&post=93546"}],"version-history":[{"count":0,"href":"https:\/\/diarioregionaldigital.com.br\/index.php?rest_route=\/wp\/v2\/posts\/93546\/revisions"}],"wp:attachment":[{"href":"https:\/\/diarioregionaldigital.com.br\/index.php?rest_route=%2Fwp%2Fv2%2Fmedia&parent=93546"}],"wp:term":[{"taxonomy":"category","embeddable":true,"href":"https:\/\/diarioregionaldigital.com.br\/index.php?rest_route=%2Fwp%2Fv2%2Fcategories&post=93546"},{"taxonomy":"post_tag","embeddable":true,"href":"https:\/\/diarioregionaldigital.com.br\/index.php?rest_route=%2Fwp%2Fv2%2Ftags&post=93546"}],"curies":[{"name":"wp","href":"https:\/\/api.w.org\/{rel}","templated":true}]}}