{"id":93540,"date":"2018-03-09T20:05:28","date_gmt":"2018-03-09T23:05:28","guid":{"rendered":"http:\/\/diarioregionaljf.com.br\/2018\/03\/09\/homem-e-detido-acusado-de-furtar-r-1-400-da-propria-avo\/"},"modified":"2018-03-09T20:05:28","modified_gmt":"2018-03-09T23:05:28","slug":"homem-e-detido-acusado-de-furtar-r-1-400-da-propria-avo","status":"publish","type":"post","link":"https:\/\/diarioregionaldigital.com.br\/?p=93540","title":{"rendered":"Homem \u00e9 detido acusado de furtar R$1.400 da pr\u00f3pria av\u00f3"},"content":{"rendered":"<p>Um morador da cidade de Oriz\u00e2nia, a cerca de 241km de Juiz de Fora, &nbsp;foi detido pela Pol\u00edcia Militar (PM), ap\u00f3s ser acusado por familiares de furtar R$1.400 em dinheiro da pr\u00f3pria av\u00f3, de 80 anos. O furto aconteceu no fim da tarde dessa quinta-feira, 8, e segundo a PM, o rapaz foi abordado pouco depois, sendo encontrada em seu poder a quantia de R$1.355. Ele foi encaminhado ao plant\u00e3o da Delegacia Regional, em Muria\u00e9, onde chegou j\u00e1 durante a noite.<\/p>\n<p>De acordo com o Boletim de Ocorr\u00eancia da PM, o suspeito foi denunciado por seus familiares, que relataram que o mesmo \u00e9 usu\u00e1rio de drogas e que j\u00e1 teria cometido delitos da mesma natureza.<\/p>\n<p>O suposto autor do furto foi abordado por militares da cidade vizinha, Divino, que atuaram em apoio \u00e0 equipe de Oriz\u00e2nia, e durante a verifica\u00e7\u00e3o encontraram em poder do rapaz R$1.355 em dinheiro.<\/p>\n<p>Em entrevista \u00e0 R\u00e1dio Muria\u00e9, o sargento Alexssandro disse que o suspeito alegou que o dinheiro era proveniente de recebimento de sal\u00e1rio, por\u00e9m, n\u00e3o detalhou para quem teria trabalhado e quando recebeu o pagamento.<\/p>\n<p>Diante da situa\u00e7\u00e3o, o homem recebeu voz de pris\u00e3o e, ap\u00f3s passar por atendimento m\u00e9dico em Divino, foi trazido a Muria\u00e9 para ser apresentado \u00e0 Pol\u00edcia Civil (PC).<\/p>\n<p>Fonte: R\u00e1dio Muria\u00e9<\/p>\n","protected":false},"excerpt":{"rendered":"<p>Um morador da cidade de Oriz\u00e2nia, a cerca de 241km de Juiz de Fora, &nbsp;foi detido pela Pol\u00edcia Militar (PM), ap\u00f3s ser acusado por familiares de furtar R$1.400 em dinheiro da pr\u00f3pria av\u00f3, de 80 anos. O furto aconteceu no fim da tarde dessa quinta-feira, 8, e segundo a PM, o rapaz foi abordado pouco [&hellip;]<\/p>\n","protected":false},"author":96,"featured_media":93539,"comment_status":"closed","ping_status":"closed","sticky":false,"template":"","format":"standard","meta":{"footnotes":""},"categories":[252],"tags":[],"class_list":["post-93540","post","type-post","status-publish","format-standard","has-post-thumbnail","hentry","category-regiao"],"_links":{"self":[{"href":"https:\/\/diarioregionaldigital.com.br\/index.php?rest_route=\/wp\/v2\/posts\/93540","targetHints":{"allow":["GET"]}}],"collection":[{"href":"https:\/\/diarioregionaldigital.com.br\/index.php?rest_route=\/wp\/v2\/posts"}],"about":[{"href":"https:\/\/diarioregionaldigital.com.br\/index.php?rest_route=\/wp\/v2\/types\/post"}],"author":[{"embeddable":true,"href":"https:\/\/diarioregionaldigital.com.br\/index.php?rest_route=\/wp\/v2\/users\/96"}],"replies":[{"embeddable":true,"href":"https:\/\/diarioregionaldigital.com.br\/index.php?rest_route=%2Fwp%2Fv2%2Fcomments&post=93540"}],"version-history":[{"count":0,"href":"https:\/\/diarioregionaldigital.com.br\/index.php?rest_route=\/wp\/v2\/posts\/93540\/revisions"}],"wp:featuredmedia":[{"embeddable":true,"href":"https:\/\/diarioregionaldigital.com.br\/index.php?rest_route=\/wp\/v2\/media\/93539"}],"wp:attachment":[{"href":"https:\/\/diarioregionaldigital.com.br\/index.php?rest_route=%2Fwp%2Fv2%2Fmedia&parent=93540"}],"wp:term":[{"taxonomy":"category","embeddable":true,"href":"https:\/\/diarioregionaldigital.com.br\/index.php?rest_route=%2Fwp%2Fv2%2Fcategories&post=93540"},{"taxonomy":"post_tag","embeddable":true,"href":"https:\/\/diarioregionaldigital.com.br\/index.php?rest_route=%2Fwp%2Fv2%2Ftags&post=93540"}],"curies":[{"name":"wp","href":"https:\/\/api.w.org\/{rel}","templated":true}]}}