{"id":93538,"date":"2018-03-09T19:52:12","date_gmt":"2018-03-09T22:52:12","guid":{"rendered":"http:\/\/diarioregionaljf.com.br\/2018\/03\/09\/defesa-civil-alerta-para-possibilidade-de-alagamentos-em-partes-mais-baixas-de-muriae\/"},"modified":"2018-03-09T19:52:12","modified_gmt":"2018-03-09T22:52:12","slug":"defesa-civil-alerta-para-possibilidade-de-alagamentos-em-partes-mais-baixas-de-muriae","status":"publish","type":"post","link":"https:\/\/diarioregionaldigital.com.br\/?p=93538","title":{"rendered":"Defesa Civil alerta para possibilidade de alagamentos em partes mais baixas de Muria\u00e9"},"content":{"rendered":"<p>Um comunicado divulgado no in\u00edcio da tarde dessa sexta-feira, 9, pela Coordenadoria Municipal de Prote\u00e7\u00e3o e Defesa Civil de Muria\u00e9 alertou para a possibilidade de alagamentos em partes mais baixas da cidade, como ruas dos bairros Jos\u00e9 Cirilo, Barra e Prainha.<\/p>\n<p>De acordo com o \u00f3rg\u00e3o, devido \u00e0s chuvas que est\u00e3o caindo na cidade e regi\u00e3o, o n\u00edvel do rio Muria\u00e9 est\u00e1 subindo de 5 a 6 cent\u00edmetros a cada hora. Caso continue a aumentar nesta velocidade, poder\u00e1 ocasionar alagamentos em algumas ruas.<\/p>\n<p>A Defesa Civil informou que est\u00e1 em constante monitoramento do n\u00edvel do rio Muria\u00e9. O \u00f3rg\u00e3o solicitou que a popula\u00e7\u00e3o que mora nesses locais fique atenta, para evitar transtornos. A previs\u00e3o \u00e9 de chuvas intensas para este final de semana na cidade.<\/p>\n<p>Em caso de d\u00favida ou emerg\u00eancia o cidad\u00e3o pode entrar em contato com a Defesa Civil atrav\u00e9s dos telefones: 199 e 98826-9846.<\/p>\n<p>&nbsp;<\/p>\n<h4>ALERTA VIA SMS<\/h4>\n<p>O muriaeense pode ser informado sobre tempestades, vendavais, alagamentos, risco de deslizamento e outros fen\u00f4menos meteorol\u00f3gicos na cidade enviando SMS para 40199 e CEP de interesse &#8211; o servi\u00e7o \u00e9 gratuito.<\/p>\n<p>Fonte: R\u00e1dio Muria\u00e9<\/p>\n","protected":false},"excerpt":{"rendered":"<p>Um comunicado divulgado no in\u00edcio da tarde dessa sexta-feira, 9, pela Coordenadoria Municipal de Prote\u00e7\u00e3o e Defesa Civil de Muria\u00e9 alertou para a possibilidade de alagamentos em partes mais baixas da cidade, como ruas dos bairros Jos\u00e9 Cirilo, Barra e Prainha. De acordo com o \u00f3rg\u00e3o, devido \u00e0s chuvas que est\u00e3o caindo na cidade e [&hellip;]<\/p>\n","protected":false},"author":96,"featured_media":93537,"comment_status":"closed","ping_status":"closed","sticky":false,"template":"","format":"standard","meta":{"footnotes":""},"categories":[252],"tags":[],"class_list":["post-93538","post","type-post","status-publish","format-standard","has-post-thumbnail","hentry","category-regiao"],"_links":{"self":[{"href":"https:\/\/diarioregionaldigital.com.br\/index.php?rest_route=\/wp\/v2\/posts\/93538","targetHints":{"allow":["GET"]}}],"collection":[{"href":"https:\/\/diarioregionaldigital.com.br\/index.php?rest_route=\/wp\/v2\/posts"}],"about":[{"href":"https:\/\/diarioregionaldigital.com.br\/index.php?rest_route=\/wp\/v2\/types\/post"}],"author":[{"embeddable":true,"href":"https:\/\/diarioregionaldigital.com.br\/index.php?rest_route=\/wp\/v2\/users\/96"}],"replies":[{"embeddable":true,"href":"https:\/\/diarioregionaldigital.com.br\/index.php?rest_route=%2Fwp%2Fv2%2Fcomments&post=93538"}],"version-history":[{"count":0,"href":"https:\/\/diarioregionaldigital.com.br\/index.php?rest_route=\/wp\/v2\/posts\/93538\/revisions"}],"wp:featuredmedia":[{"embeddable":true,"href":"https:\/\/diarioregionaldigital.com.br\/index.php?rest_route=\/wp\/v2\/media\/93537"}],"wp:attachment":[{"href":"https:\/\/diarioregionaldigital.com.br\/index.php?rest_route=%2Fwp%2Fv2%2Fmedia&parent=93538"}],"wp:term":[{"taxonomy":"category","embeddable":true,"href":"https:\/\/diarioregionaldigital.com.br\/index.php?rest_route=%2Fwp%2Fv2%2Fcategories&post=93538"},{"taxonomy":"post_tag","embeddable":true,"href":"https:\/\/diarioregionaldigital.com.br\/index.php?rest_route=%2Fwp%2Fv2%2Ftags&post=93538"}],"curies":[{"name":"wp","href":"https:\/\/api.w.org\/{rel}","templated":true}]}}