{"id":93536,"date":"2018-03-09T19:45:12","date_gmt":"2018-03-09T22:45:12","guid":{"rendered":"http:\/\/diarioregionaljf.com.br\/2018\/03\/09\/fraude-em-lista-do-sus-podera-tornar-se-improbidade-administrativa\/"},"modified":"2018-03-09T19:45:12","modified_gmt":"2018-03-09T22:45:12","slug":"fraude-em-lista-do-sus-podera-tornar-se-improbidade-administrativa","status":"publish","type":"post","link":"https:\/\/diarioregionaldigital.com.br\/?p=93536","title":{"rendered":"Fraude em lista do SUS poder\u00e1 tornar-se improbidade administrativa"},"content":{"rendered":"<p>A Comiss\u00e3o de Assuntos Sociais (CAS) tem reuni\u00e3o marcada para a pr\u00f3xima quarta-feira, 14, para an\u00e1lise de uma pauta com 14 proposi\u00e7\u00f5es. Entre elas, o Projeto de Lei do Senado (PLS) 393\/2015, do senador Reguffe (sem partido-DF), que enquadra fraude em lista do Sistema \u00danico de Sa\u00fade (SUS) como improbidade administrativa.<\/p>\n<p>A proposta torna obrigat\u00f3ria a divulga\u00e7\u00e3o da lista de agendamento de cirurgias pelo SUS na internet, tanto as realizadas por hospitais p\u00fablicos quanto aquelas a cargo da rede privada conveniada. A lista dever\u00e1 ter a identifica\u00e7\u00e3o do paciente, bem como sua posi\u00e7\u00e3o na espera, conforme a especialidade m\u00e9dica. Est\u00e1 prevista a atualiza\u00e7\u00e3o semanal dessa rela\u00e7\u00e3o.<\/p>\n<p>Outra medida estabelecida no projeto \u00e9 o enquadramento na Lei de Improbidade Administrativa (Lei 8.429\/1992) do servi\u00e7o de sa\u00fade que deixar de elaborar ou fraudar a lista. Entre as san\u00e7\u00f5es previstas na legisla\u00e7\u00e3o para o caso est\u00e3o a perda de bens ou fun\u00e7\u00e3o p\u00fablica, a multa civil e a suspens\u00e3o de direitos pol\u00edticos.<\/p>\n<h4>&nbsp;<\/h4>\n<h4>CONSULTAS M\u00c9DICAS<\/h4>\n<p>Os senadores v\u00e3o analisar tamb\u00e9m o PLS 92\/2017, da senadora Rose de Freitas (PMDB-ES), que pro\u00edbe o empregador de descontar no sal\u00e1rio as horas em que o trabalhador tenha se ausentado para acompanhar seu filho menor de 18 anos em consultas m\u00e9dicas, comprovada por atestado de comparecimento. Ser\u00e1 permitida a compensa\u00e7\u00e3o de jornadas, observado o limite de duas horas di\u00e1rias.<\/p>\n<p>Hoje, a prote\u00e7\u00e3o conferida \u00e0s crian\u00e7as pela Lei 13.257\/2016 s\u00f3 permite o afastamento do trabalhador de seu posto de trabalho para acompanhar o filho de at\u00e9 seis anos.<\/p>\n<h4>&nbsp;<\/h4>\n<h4>AUDI\u00caNCIA<\/h4>\n<p>A pedido do senador Dalirio Beber (PSDB-SC), a CAS vai avaliar ainda um requerimento para realiza\u00e7\u00e3o de audi\u00eancia p\u00fablica para instruir o PLS 360\/2014, que obriga fabricantes de bebidas alco\u00f3licas a incluir no r\u00f3tulos dos produtos o valor cal\u00f3rico.<\/p>\n<p>Fonte: Ag\u00eancia Brasil<\/p>\n","protected":false},"excerpt":{"rendered":"<p>A Comiss\u00e3o de Assuntos Sociais (CAS) tem reuni\u00e3o marcada para a pr\u00f3xima quarta-feira, 14, para an\u00e1lise de uma pauta com 14 proposi\u00e7\u00f5es. Entre elas, o Projeto de Lei do Senado (PLS) 393\/2015, do senador Reguffe (sem partido-DF), que enquadra fraude em lista do Sistema \u00danico de Sa\u00fade (SUS) como improbidade administrativa. A proposta torna obrigat\u00f3ria [&hellip;]<\/p>\n","protected":false},"author":96,"featured_media":93535,"comment_status":"closed","ping_status":"closed","sticky":false,"template":"","format":"standard","meta":{"footnotes":""},"categories":[254],"tags":[],"class_list":["post-93536","post","type-post","status-publish","format-standard","has-post-thumbnail","hentry","category-politica"],"_links":{"self":[{"href":"https:\/\/diarioregionaldigital.com.br\/index.php?rest_route=\/wp\/v2\/posts\/93536","targetHints":{"allow":["GET"]}}],"collection":[{"href":"https:\/\/diarioregionaldigital.com.br\/index.php?rest_route=\/wp\/v2\/posts"}],"about":[{"href":"https:\/\/diarioregionaldigital.com.br\/index.php?rest_route=\/wp\/v2\/types\/post"}],"author":[{"embeddable":true,"href":"https:\/\/diarioregionaldigital.com.br\/index.php?rest_route=\/wp\/v2\/users\/96"}],"replies":[{"embeddable":true,"href":"https:\/\/diarioregionaldigital.com.br\/index.php?rest_route=%2Fwp%2Fv2%2Fcomments&post=93536"}],"version-history":[{"count":0,"href":"https:\/\/diarioregionaldigital.com.br\/index.php?rest_route=\/wp\/v2\/posts\/93536\/revisions"}],"wp:featuredmedia":[{"embeddable":true,"href":"https:\/\/diarioregionaldigital.com.br\/index.php?rest_route=\/wp\/v2\/media\/93535"}],"wp:attachment":[{"href":"https:\/\/diarioregionaldigital.com.br\/index.php?rest_route=%2Fwp%2Fv2%2Fmedia&parent=93536"}],"wp:term":[{"taxonomy":"category","embeddable":true,"href":"https:\/\/diarioregionaldigital.com.br\/index.php?rest_route=%2Fwp%2Fv2%2Fcategories&post=93536"},{"taxonomy":"post_tag","embeddable":true,"href":"https:\/\/diarioregionaldigital.com.br\/index.php?rest_route=%2Fwp%2Fv2%2Ftags&post=93536"}],"curies":[{"name":"wp","href":"https:\/\/api.w.org\/{rel}","templated":true}]}}