{"id":93530,"date":"2018-03-09T19:03:47","date_gmt":"2018-03-09T22:03:47","guid":{"rendered":"http:\/\/diarioregionaljf.com.br\/2018\/03\/09\/para-moreira-franco-politica-economica-de-temer-e-um-legado-a-ser-defendido\/"},"modified":"2018-03-09T19:03:47","modified_gmt":"2018-03-09T22:03:47","slug":"para-moreira-franco-politica-economica-de-temer-e-um-legado-a-ser-defendido","status":"publish","type":"post","link":"https:\/\/diarioregionaldigital.com.br\/?p=93530","title":{"rendered":"Para Moreira Franco, pol\u00edtica econ\u00f4mica de Temer \u00e9 um legado a ser defendido"},"content":{"rendered":"<p>O ministro da Secretaria-Geral da Presid\u00eancia da Rep\u00fablica, Moreira Franco, apontou os avan\u00e7os econ\u00f4micos do governo de Michel Temer como um legado a ser defendido nas elei\u00e7\u00f5es presidenciais deste ano. \u201c[&#8230;] O que somos hoje e os compromissos que nos levaram a superar a mais profunda crise econ\u00f4mica da hist\u00f3ria do Brasil nos permite dizer hoje que n\u00f3s temos um legado a defender e temos disposi\u00e7\u00e3o pol\u00edtica para defender esse legado\u201d, disse nessa quinta-feira, 8, durante discurso em um evento em Nova York.<\/p>\n<p>O ministro fez uma compara\u00e7\u00e3o entre as pol\u00edticas econ\u00f4micas adotadas por Temer e as medidas tomadas nos governos anteriores. Moreira Franco afirmou que, durante a campanha, os discursos dos candidatos deixar\u00e3o claro a exist\u00eancia de dois lados. Segundo o ministro, o lado que o governo defender\u00e1 \u00e9 de uma pol\u00edtica econ\u00f4mica \u201csem ideologias\u201d.<\/p>\n<p>\u201cO presidente Temer quando assumiu apresentou um conjunto de propostas. Com a coragem de assumir um lado e combater o outro. E este lado significava abrir m\u00e3o da ideologia para resolver problemas da economia, da sociedade, do dia a dia e buscar [&#8230;] ferramentas como a aritim\u00e9tica para resolver problemas de fixa\u00e7\u00e3o de impostos, taxa de retorno, que se resolvem somando, dividindo, multiplicando e n\u00e3o querendo\u201d.<\/p>\n<p>Ele tamb\u00e9m afirmou que o governo quer construir uma sociedade com menos desigualdade de renda para promover o crescimento. \u201cE queremos construir no Brasil uma sociedade classe m\u00e9dia, em que haja a possibilidade de se garantir igualdade de oportunidades para todos. E com a s\u00f3lida classe m\u00e9dia n\u00f3s podemos cuidar de ter uma vis\u00e3o eficaz, e n\u00e3o rom\u00e2ntica, da influ\u00eancia do processo educacional e sobretudo do compromisso com a inova\u00e7\u00e3o\u201d.<\/p>\n<p>Apesar da men\u00e7\u00e3o de Moreira Franco \u00e0 pr\u00f3xima disputa eleitoral, o governo ainda n\u00e3o anunciou quem ser\u00e1 seu candidato \u00e0 presid\u00eancia. Segundo disse o ministro da Secretaria de Governo, Carlos Marun, o governo s\u00f3 deve definir um nome para apoiar a partir de maio.<\/p>\n<p>Fonte: Ag\u00eancia Brasil<\/p>\n","protected":false},"excerpt":{"rendered":"<p>O ministro da Secretaria-Geral da Presid\u00eancia da Rep\u00fablica, Moreira Franco, apontou os avan\u00e7os econ\u00f4micos do governo de Michel Temer como um legado a ser defendido nas elei\u00e7\u00f5es presidenciais deste ano. \u201c[&#8230;] O que somos hoje e os compromissos que nos levaram a superar a mais profunda crise econ\u00f4mica da hist\u00f3ria do Brasil nos permite dizer [&hellip;]<\/p>\n","protected":false},"author":96,"featured_media":93529,"comment_status":"closed","ping_status":"closed","sticky":false,"template":"","format":"standard","meta":{"footnotes":""},"categories":[254],"tags":[],"class_list":["post-93530","post","type-post","status-publish","format-standard","has-post-thumbnail","hentry","category-politica"],"_links":{"self":[{"href":"https:\/\/diarioregionaldigital.com.br\/index.php?rest_route=\/wp\/v2\/posts\/93530","targetHints":{"allow":["GET"]}}],"collection":[{"href":"https:\/\/diarioregionaldigital.com.br\/index.php?rest_route=\/wp\/v2\/posts"}],"about":[{"href":"https:\/\/diarioregionaldigital.com.br\/index.php?rest_route=\/wp\/v2\/types\/post"}],"author":[{"embeddable":true,"href":"https:\/\/diarioregionaldigital.com.br\/index.php?rest_route=\/wp\/v2\/users\/96"}],"replies":[{"embeddable":true,"href":"https:\/\/diarioregionaldigital.com.br\/index.php?rest_route=%2Fwp%2Fv2%2Fcomments&post=93530"}],"version-history":[{"count":0,"href":"https:\/\/diarioregionaldigital.com.br\/index.php?rest_route=\/wp\/v2\/posts\/93530\/revisions"}],"wp:featuredmedia":[{"embeddable":true,"href":"https:\/\/diarioregionaldigital.com.br\/index.php?rest_route=\/wp\/v2\/media\/93529"}],"wp:attachment":[{"href":"https:\/\/diarioregionaldigital.com.br\/index.php?rest_route=%2Fwp%2Fv2%2Fmedia&parent=93530"}],"wp:term":[{"taxonomy":"category","embeddable":true,"href":"https:\/\/diarioregionaldigital.com.br\/index.php?rest_route=%2Fwp%2Fv2%2Fcategories&post=93530"},{"taxonomy":"post_tag","embeddable":true,"href":"https:\/\/diarioregionaldigital.com.br\/index.php?rest_route=%2Fwp%2Fv2%2Ftags&post=93530"}],"curies":[{"name":"wp","href":"https:\/\/api.w.org\/{rel}","templated":true}]}}