{"id":93517,"date":"2018-03-09T18:17:03","date_gmt":"2018-03-09T21:17:03","guid":{"rendered":"http:\/\/diarioregionaljf.com.br\/2018\/03\/09\/fapesp-desenvolve-metodo-capaz-de-detectar-anticorpos-especificos-do-virus-zika\/"},"modified":"2018-03-09T18:17:03","modified_gmt":"2018-03-09T21:17:03","slug":"fapesp-desenvolve-metodo-capaz-de-detectar-anticorpos-especificos-do-virus-zika","status":"publish","type":"post","link":"https:\/\/diarioregionaldigital.com.br\/?p=93517","title":{"rendered":"Fapesp desenvolve m\u00e9todo capaz de detectar anticorpos espec\u00edficos do v\u00edrus Zika"},"content":{"rendered":"<p>A Funda\u00e7\u00e3o de Amparo \u00e0 Pesquisa do Estado de S\u00e3o Paulo (Fapesp) desenvolveu um teste capaz de detectar anticorpos espec\u00edficos do v\u00edrus Zika em amostras de soro sangu\u00edneo e baixo risco de rea\u00e7\u00e3o cruzada com micro-organismos parentes do Zika. O objetivo \u00e9 incluir esse teste entre os exames de pr\u00e9-natal, para que as gestantes que n\u00e3o tenham sido infectadas possam se prevenir usando repelente e evitando viajar para \u00e1reas de risco. O teste deve chegar ao mercado ainda neste ano.<\/p>\n<p>\u201cO teste sorol\u00f3gico para detec\u00e7\u00e3o de anticorpos do tipo IgG (imunoglobulina G), que s\u00e3o aqueles que permanecem no organismo durante muitos anos ap\u00f3s a infec\u00e7\u00e3o, est\u00e1 em fase final de desenvolvimento\u201d, disse a oordenadora do projeto, Danielle Bruna Leal de Oliveira, pesquisadora do Laborat\u00f3rio de Virologia Cl\u00ednica e Molecular do Instituto de Ci\u00eancias Biom\u00e9dicas da Universidade de S\u00e3o Paulo (ICB-USP) e coordenadora do projeto.<\/p>\n<p>Segundo a Fapesp, desde que foi criada a Rede de Pesquisa sobre Zika V\u00edrus em S\u00e3o Paulo (Rede Zika), em 2016, esse tipo de m\u00e9todo diagn\u00f3stico tem sido apontado como uma das prioridades na \u00e1rea. Os cientistas dizem que o m\u00e9todo \u00e9 essencial para responder a v\u00e1rias quest\u00f5es estrat\u00e9gicas para qualquer plano de a\u00e7\u00e3o contra a doen\u00e7a, especificando com mais precis\u00e3o os casos, a porcentagem de gestantes no grupo de infectados e quantas mulheres correm o risco de ter filhos com problemas neurol\u00f3gicos decorrentes da infec\u00e7\u00e3o cong\u00eanita.<\/p>\n<p>Segundo Danielle, os exames para diagn\u00f3stico existentes atualmente s\u00f3 funcionam na fase aguda de infec\u00e7\u00e3o ou apenas detectam anticorpos contra o Zika com baixa especificidade. \u201cOs testes sorol\u00f3gicos hoje no mercado t\u00eam especificidade entre 69% e 75%, ou seja, h\u00e1 pelo menos 25% de chance de o resultado ser falso positivo caso o paciente j\u00e1 tenha sido infectado pelo v\u00edrus da dengue no passado. J\u00e1 o nosso teste tem especificidade de 93% para o Zika.\u201d<\/p>\n<p>De acordo com a pesquisadora, uma das dificuldades para detec\u00e7\u00e3o do v\u00edrus \u00e9 a de que a prote\u00edna usada no exame \u00e9 muito parecida com a existente na dengue e na febre amarela, entre outras. \u201cPara resolver esse problema, n\u00f3s usamos uma vers\u00e3o editada da prote\u00edna, ou seja, foi selecionado apenas o trecho da mol\u00e9cula que \u00e9 mais espec\u00edfico para o Zika.\u201d<\/p>\n<p>Como as amostras s\u00e3o expostas ao v\u00edrus da dengue para extrair todas as amostras de anticorpos dessa doen\u00e7a, o resultado demora cerca de tr\u00eas horas para sair. No m\u00e9todo mais simples, o prazo era de duas horas e 20 minutos. \u201cMas estamos trabalhando para baixar esse tempo. A meta \u00e9 que seja ainda menor que o do m\u00e9todo padr\u00e3o, pois o objetivo \u00e9 usar na triagem de pacientes em hospitais\u201d, disse Danielle.<\/p>\n<p>Outra vantagem do m\u00e9todo \u00e9 o baixo custo, que deve ser em torno de R$10 a R$12 por paciente. De acordo com Danielle, no ano passado, o foco do estudo foi na detec\u00e7\u00e3o do IgG e neste ano a pesquisa deve ser direcionada para uma ferramenta que detecte tamb\u00e9m o IgM (imunoglobulina M), que permanece no organismo por at\u00e9 quatro meses ap\u00f3s o t\u00e9rmino da infec\u00e7\u00e3o pelo Zika.<\/p>\n<p>Fonte: Ag\u00eancia Brasil<\/p>\n","protected":false},"excerpt":{"rendered":"<p>A Funda\u00e7\u00e3o de Amparo \u00e0 Pesquisa do Estado de S\u00e3o Paulo (Fapesp) desenvolveu um teste capaz de detectar anticorpos espec\u00edficos do v\u00edrus Zika em amostras de soro sangu\u00edneo e baixo risco de rea\u00e7\u00e3o cruzada com micro-organismos parentes do Zika. O objetivo \u00e9 incluir esse teste entre os exames de pr\u00e9-natal, para que as gestantes que [&hellip;]<\/p>\n","protected":false},"author":96,"featured_media":93516,"comment_status":"closed","ping_status":"closed","sticky":false,"template":"","format":"standard","meta":{"footnotes":""},"categories":[302],"tags":[],"class_list":["post-93517","post","type-post","status-publish","format-standard","has-post-thumbnail","hentry","category-brasil-mundo"],"_links":{"self":[{"href":"https:\/\/diarioregionaldigital.com.br\/index.php?rest_route=\/wp\/v2\/posts\/93517","targetHints":{"allow":["GET"]}}],"collection":[{"href":"https:\/\/diarioregionaldigital.com.br\/index.php?rest_route=\/wp\/v2\/posts"}],"about":[{"href":"https:\/\/diarioregionaldigital.com.br\/index.php?rest_route=\/wp\/v2\/types\/post"}],"author":[{"embeddable":true,"href":"https:\/\/diarioregionaldigital.com.br\/index.php?rest_route=\/wp\/v2\/users\/96"}],"replies":[{"embeddable":true,"href":"https:\/\/diarioregionaldigital.com.br\/index.php?rest_route=%2Fwp%2Fv2%2Fcomments&post=93517"}],"version-history":[{"count":0,"href":"https:\/\/diarioregionaldigital.com.br\/index.php?rest_route=\/wp\/v2\/posts\/93517\/revisions"}],"wp:featuredmedia":[{"embeddable":true,"href":"https:\/\/diarioregionaldigital.com.br\/index.php?rest_route=\/wp\/v2\/media\/93516"}],"wp:attachment":[{"href":"https:\/\/diarioregionaldigital.com.br\/index.php?rest_route=%2Fwp%2Fv2%2Fmedia&parent=93517"}],"wp:term":[{"taxonomy":"category","embeddable":true,"href":"https:\/\/diarioregionaldigital.com.br\/index.php?rest_route=%2Fwp%2Fv2%2Fcategories&post=93517"},{"taxonomy":"post_tag","embeddable":true,"href":"https:\/\/diarioregionaldigital.com.br\/index.php?rest_route=%2Fwp%2Fv2%2Ftags&post=93517"}],"curies":[{"name":"wp","href":"https:\/\/api.w.org\/{rel}","templated":true}]}}