{"id":93510,"date":"2018-03-09T17:58:06","date_gmt":"2018-03-09T20:58:06","guid":{"rendered":"http:\/\/diarioregionaljf.com.br\/2018\/03\/09\/governo-e-empresarios-brasileiros-criticam-eua-por-sobretaxas-ao-aco-e-aluminio\/"},"modified":"2018-03-09T17:58:06","modified_gmt":"2018-03-09T20:58:06","slug":"governo-e-empresarios-brasileiros-criticam-eua-por-sobretaxas-ao-aco-e-aluminio","status":"publish","type":"post","link":"https:\/\/diarioregionaldigital.com.br\/?p=93510","title":{"rendered":"Governo e empres\u00e1rios brasileiros criticam EUA por sobretaxas ao a\u00e7o e alum\u00ednio"},"content":{"rendered":"<p>O governo brasileiro afirmou nessa quinta-feira, 8, que a confirma\u00e7\u00e3o da sobretaxa de exporta\u00e7\u00e3o do a\u00e7o (25%) e do alum\u00ednio (10%) de outros pa\u00edses para os Estados Unidos, anunciada pelo presidente norte-americano Donald Trump, vai causar &#8220;graves preju\u00edzos&#8221; ao Brasil e ter\u00e1 impactos &#8220;nas rela\u00e7\u00f5es comerciais e de investimentos entre os dois pa\u00edses&#8221;.<\/p>\n<p>Em nota conjunta assinada pelos ministros Marcos Jorge (Ind\u00fastria e Com\u00e9rcio) e Aloysio Nunes (Rela\u00e7\u00f5es Exteriores), o governo brasileiro disse que &#8220;buscou, em sucessivas gest\u00f5es, evitar a aplica\u00e7\u00e3o das medidas \u00e0s exporta\u00e7\u00f5es brasileiras, esclarecendo ao governo americano que os produtos do Brasil n\u00e3o causam amea\u00e7a aos interesses comerciais ou de seguran\u00e7a dos EUA&#8221;.<\/p>\n<h4>&nbsp;<\/h4>\n<h4>GRANDE PERDA<\/h4>\n<p>Ao todo, 32% do a\u00e7o exportado pela ind\u00fastria nacional t\u00eam como destino o mercado americano, fazendo do Brasil o segundo maior exportador do produto para os Estados Unidos, ficando atr\u00e1s apenas do Canad\u00e1. Apenas em 2017, 4,7 milh\u00f5es de toneladas do a\u00e7o brasileiro foram embarcadas, para os EUA, representando um faturamento de US$2,6 bilh\u00f5es. A perda para o Brasil seria enorme.<\/p>\n<p>Segundo a Casa Branca, todos os pa\u00edses que exportam a\u00e7o e alum\u00ednio para os EUA ser\u00e3o afetados pela nova tarifa, com exce\u00e7\u00e3o de M\u00e9xico e Canad\u00e1, que foram exclu\u00eddos da medida por conta de sua participa\u00e7\u00e3o no Acordo de Livre Com\u00e9rcio da Am\u00e9rica do Norte (Nafta).<\/p>\n<p>Entre as alega\u00e7\u00f5es usadas por Trump, segundo a Casa Branca, est\u00e3o a necessidade de recuperar a ind\u00fastria sider\u00fargica do pa\u00eds, que perdeu mais de 54 mil postos de trabalho desde o in\u00edcio dos anos 2000, e garantir ao pa\u00eds autossufici\u00eancia em a\u00e7o e alum\u00ednio, que s\u00e3o mat\u00e9rias-primas essenciais para o setor de defesa, como a produ\u00e7\u00e3o de ve\u00edculos e aeronaves de combate militar.<\/p>\n<p>&nbsp;<\/p>\n<p>&#8220;As medidas restritivas \u00e0s importa\u00e7\u00f5es de a\u00e7o e alum\u00ednio s\u00e3o incompat\u00edveis com as obriga\u00e7\u00f5es dos EUA ao amparo da Organiza\u00e7\u00e3o Mundial de Com\u00e9rcio e n\u00e3o se justificam, tampouco, pelas exce\u00e7\u00f5es de seguran\u00e7a do GATT 1994&#8221;, disseram os ministros Aloysio Nunes e Marcos Jorge, em nota. O governo disse que manter\u00e1 a &#8220;prefer\u00eancia pela via do di\u00e1logo e parceria&#8221;, mas promete a\u00e7\u00f5es, em \u00e2mbito bilateral e multilateral, para preservar os direitos e interesses nacionais.<\/p>\n<h4>&nbsp;<\/h4>\n<h4>EMPRESAS<\/h4>\n<p>O Instituto A\u00e7o Brasil, que representa a ind\u00fastrias sider\u00fargicas que atuam no pa\u00eds, tamb\u00e9m publicou nota recha\u00e7ando a decis\u00e3o dos EUA de sobretaxar o a\u00e7o.&#8221;\u00c9 entendimento do Instituto que o bloqueio das exporta\u00e7\u00f5es brasileiras para o mercado americano &#8211; em sua quase totalidade composta de produtos semi-acabados, que s\u00e3o reprocessados pelas sider\u00fargicas americanas -, ocasionar\u00e1 dano significativo n\u00e3o s\u00f3 para as nossas empresas, mas tamb\u00e9m para as americanas, que n\u00e3o tem autossufici\u00eancia no seu abastecimento&#8221;, alertou a entidade.<\/p>\n<p>O Instituto A\u00e7o Brasil afirma que estuda, em conjunto com o governo brasileiro, a entrada imediata de recurso contra o governo dos EUA para tentar reverter a medida.<\/p>\n<p>A sobretaxa do a\u00e7o deve ter efeito colateral contra empresas norte-americanas, pois vai afetar a importa\u00e7\u00e3o pelo Brasil de carv\u00e3o sider\u00fargico dos Estados Unidos (cerca de US$1 bilh\u00e3o, em 2017), que \u00e9 usado principalmente na produ\u00e7\u00e3o brasileira de a\u00e7o, que depois \u00e9 exportado para os EUA .<\/p>\n<p>O Insituto A\u00e7o Brasil ainda manifestou preocupa\u00e7\u00e3o com o agravamento mundial do problema do excedente de capacidade instalada de produ\u00e7\u00e3o de a\u00e7o, que atualmente est\u00e1 em torno de 750 milh\u00f5es de toneladas. O principal temor \u00e9 que, com a perda de mercado nos EUA, sider\u00fargicas de outros pa\u00edses inundem o mercado brasileiro com produtos abaixo do pre\u00e7o de mercado, prejudicando a produ\u00e7\u00e3o nacional e afetando os empregos no setor<\/p>\n<p>Segundo a nota dos ministros Marcos Jorge e Aloysio Nunes, as medidas americanas &#8220;minar\u00e3o os esfor\u00e7os em curso no Foro Global do A\u00e7o, do qual os EUA fazem parte, com vistas a uma solu\u00e7\u00e3o para a quest\u00e3o do excesso de capacidade na \u00e1rea sider\u00fargica, verdadeira raiz dos problemas enfrentados pelo setor&#8221;.<\/p>\n<h4>&nbsp;<\/h4>\n<h4>CNI<\/h4>\n<p>A Confedera\u00e7\u00e3o Nacional da Ind\u00fastria (CNI) tamb\u00e9m lamentou a eleva\u00e7\u00e3o das tarifas para os dois produtos. Em nota, a entidade classificou a decis\u00e3o de injustificada e ilegal. De acordo com a CNI, o Brasil vender\u00e1 US$3 bilh\u00f5es a menos de a\u00e7o e US$144 milh\u00f5es a menos de alum\u00ednio para os Estados Unidos, o que equivale a uma massa salarial de quase R$350 milh\u00f5es e impostos da ordem de R$200 milh\u00f5es.<\/p>\n<p>Fonte: Ag\u00eancia Brasil<\/p>\n","protected":false},"excerpt":{"rendered":"<p>O governo brasileiro afirmou nessa quinta-feira, 8, que a confirma\u00e7\u00e3o da sobretaxa de exporta\u00e7\u00e3o do a\u00e7o (25%) e do alum\u00ednio (10%) de outros pa\u00edses para os Estados Unidos, anunciada pelo presidente norte-americano Donald Trump, vai causar &#8220;graves preju\u00edzos&#8221; ao Brasil e ter\u00e1 impactos &#8220;nas rela\u00e7\u00f5es comerciais e de investimentos entre os dois pa\u00edses&#8221;. Em nota [&hellip;]<\/p>\n","protected":false},"author":96,"featured_media":93509,"comment_status":"closed","ping_status":"closed","sticky":false,"template":"","format":"standard","meta":{"footnotes":""},"categories":[302],"tags":[],"class_list":["post-93510","post","type-post","status-publish","format-standard","has-post-thumbnail","hentry","category-brasil-mundo"],"_links":{"self":[{"href":"https:\/\/diarioregionaldigital.com.br\/index.php?rest_route=\/wp\/v2\/posts\/93510","targetHints":{"allow":["GET"]}}],"collection":[{"href":"https:\/\/diarioregionaldigital.com.br\/index.php?rest_route=\/wp\/v2\/posts"}],"about":[{"href":"https:\/\/diarioregionaldigital.com.br\/index.php?rest_route=\/wp\/v2\/types\/post"}],"author":[{"embeddable":true,"href":"https:\/\/diarioregionaldigital.com.br\/index.php?rest_route=\/wp\/v2\/users\/96"}],"replies":[{"embeddable":true,"href":"https:\/\/diarioregionaldigital.com.br\/index.php?rest_route=%2Fwp%2Fv2%2Fcomments&post=93510"}],"version-history":[{"count":0,"href":"https:\/\/diarioregionaldigital.com.br\/index.php?rest_route=\/wp\/v2\/posts\/93510\/revisions"}],"wp:featuredmedia":[{"embeddable":true,"href":"https:\/\/diarioregionaldigital.com.br\/index.php?rest_route=\/wp\/v2\/media\/93509"}],"wp:attachment":[{"href":"https:\/\/diarioregionaldigital.com.br\/index.php?rest_route=%2Fwp%2Fv2%2Fmedia&parent=93510"}],"wp:term":[{"taxonomy":"category","embeddable":true,"href":"https:\/\/diarioregionaldigital.com.br\/index.php?rest_route=%2Fwp%2Fv2%2Fcategories&post=93510"},{"taxonomy":"post_tag","embeddable":true,"href":"https:\/\/diarioregionaldigital.com.br\/index.php?rest_route=%2Fwp%2Fv2%2Ftags&post=93510"}],"curies":[{"name":"wp","href":"https:\/\/api.w.org\/{rel}","templated":true}]}}