{"id":93508,"date":"2018-03-09T17:48:10","date_gmt":"2018-03-09T20:48:10","guid":{"rendered":"http:\/\/diarioregionaljf.com.br\/2018\/03\/09\/onu-se-diz-preocupada-com-uso-das-forcas-armadas-para-combate-ao-crime-no-rio\/"},"modified":"2018-03-09T17:48:10","modified_gmt":"2018-03-09T20:48:10","slug":"onu-se-diz-preocupada-com-uso-das-forcas-armadas-para-combate-ao-crime-no-rio","status":"publish","type":"post","link":"https:\/\/diarioregionaldigital.com.br\/?p=93508","title":{"rendered":"ONU se diz preocupada com uso das For\u00e7as Armadas para combate ao crime no Rio"},"content":{"rendered":"<p>O alto comiss\u00e1rio das Na\u00e7\u00f5es Unidas para Direitos Humanos, Zeid Ra&#8217;ad Al Hussein, demonstrou nessa quarta-feira, 7, preocupa\u00e7\u00e3o com o uso das For\u00e7as Armadas para o combate ao crime em geral e citou especificamente a interven\u00e7\u00e3o federal na seguran\u00e7a do Rio de Janeiro.<\/p>\n<p>&#8220;No Brasil, eu estou preocupado com a recente ado\u00e7\u00e3o de um decreto que d\u00e1 \u00e0s For\u00e7as Armadas autoridade para combater o crime no estado do Rio de Janeiro e colocam a pol\u00edcia sob o comando do Ex\u00e9rcito&#8221;, disse Hussein ao discursar na 37\u00aa Sess\u00e3o do Conselho de Direitos Humanos, em Genebra, na Su\u00ed\u00e7a.<\/p>\n<p>No dia 16 de fevereiro, o presidente Michel Temer assinou decreto nomeando o general Walter Souza Braga Netto interventor na seguran\u00e7a p\u00fablica do estado do Rio. O texto concedeu plenos poderes para o general atuar em todo setor de seguran\u00e7a fluminense, ou seja, as pol\u00edcias Civil e Militar e o Corpo de Bombeiros Militar.<\/p>\n<p>Zeid Al Hussein disse que For\u00e7as Armadas n\u00e3o s\u00e3o especialilzadas em seguran\u00e7a p\u00fablica e investiga\u00e7\u00e3o e pediu que o governo garanta o respeito aos direitos humanos. &#8220;Pe\u00e7o ao governo para garantir que as medidas de seguran\u00e7a adotadas respeitem os par\u00e2metros de direitos humanos e que medidas efetivas sejam adotadas para evitar filtragem racial [sele\u00e7\u00e3o de suspeitos com base na cor de pele] e a criminaliza\u00e7\u00e3o dos pobres&#8221;.<\/p>\n<p>Ele tamb\u00e9m condenou um suposto pedido anistia pr\u00e9via para eventuais atos que possam ser cometidos durante o per\u00edodo da interven\u00e7\u00e3o. \u201cEu condeno apelos de oficiais do alto escal\u00e3o do Ex\u00e9rcito por medidas que equivalem, na verdade, a uma anistia preventiva para quaisquer tropas que possam cometer viola\u00e7\u00f5es de direitos humanos\u201d.<\/p>\n<p>O alto comiss\u00e1rio comentou a instala\u00e7\u00e3o de observat\u00f3rios para acompanhar a interven\u00e7\u00e3o e ressaltou a import\u00e2ncia da participa\u00e7\u00e3o da sociedade civil. Em seu discurso, o Hussein falou sobre a situa\u00e7\u00e3o dos direitos humanos em v\u00e1rios pa\u00edses.<\/p>\n<p>Fonte: Ag\u00eancia Brasil<\/p>\n","protected":false},"excerpt":{"rendered":"<p>O alto comiss\u00e1rio das Na\u00e7\u00f5es Unidas para Direitos Humanos, Zeid Ra&#8217;ad Al Hussein, demonstrou nessa quarta-feira, 7, preocupa\u00e7\u00e3o com o uso das For\u00e7as Armadas para o combate ao crime em geral e citou especificamente a interven\u00e7\u00e3o federal na seguran\u00e7a do Rio de Janeiro. &#8220;No Brasil, eu estou preocupado com a recente ado\u00e7\u00e3o de um decreto [&hellip;]<\/p>\n","protected":false},"author":96,"featured_media":93507,"comment_status":"closed","ping_status":"closed","sticky":false,"template":"","format":"standard","meta":{"footnotes":""},"categories":[302],"tags":[],"class_list":["post-93508","post","type-post","status-publish","format-standard","has-post-thumbnail","hentry","category-brasil-mundo"],"_links":{"self":[{"href":"https:\/\/diarioregionaldigital.com.br\/index.php?rest_route=\/wp\/v2\/posts\/93508","targetHints":{"allow":["GET"]}}],"collection":[{"href":"https:\/\/diarioregionaldigital.com.br\/index.php?rest_route=\/wp\/v2\/posts"}],"about":[{"href":"https:\/\/diarioregionaldigital.com.br\/index.php?rest_route=\/wp\/v2\/types\/post"}],"author":[{"embeddable":true,"href":"https:\/\/diarioregionaldigital.com.br\/index.php?rest_route=\/wp\/v2\/users\/96"}],"replies":[{"embeddable":true,"href":"https:\/\/diarioregionaldigital.com.br\/index.php?rest_route=%2Fwp%2Fv2%2Fcomments&post=93508"}],"version-history":[{"count":0,"href":"https:\/\/diarioregionaldigital.com.br\/index.php?rest_route=\/wp\/v2\/posts\/93508\/revisions"}],"wp:featuredmedia":[{"embeddable":true,"href":"https:\/\/diarioregionaldigital.com.br\/index.php?rest_route=\/wp\/v2\/media\/93507"}],"wp:attachment":[{"href":"https:\/\/diarioregionaldigital.com.br\/index.php?rest_route=%2Fwp%2Fv2%2Fmedia&parent=93508"}],"wp:term":[{"taxonomy":"category","embeddable":true,"href":"https:\/\/diarioregionaldigital.com.br\/index.php?rest_route=%2Fwp%2Fv2%2Fcategories&post=93508"},{"taxonomy":"post_tag","embeddable":true,"href":"https:\/\/diarioregionaldigital.com.br\/index.php?rest_route=%2Fwp%2Fv2%2Ftags&post=93508"}],"curies":[{"name":"wp","href":"https:\/\/api.w.org\/{rel}","templated":true}]}}