{"id":93506,"date":"2018-03-09T17:38:32","date_gmt":"2018-03-09T20:38:32","guid":{"rendered":"http:\/\/diarioregionaljf.com.br\/2018\/03\/09\/morre-aos-90-anos-reynaldo-bignone-ultimo-ditador-da-argentina\/"},"modified":"2018-03-09T17:38:32","modified_gmt":"2018-03-09T20:38:32","slug":"morre-aos-90-anos-reynaldo-bignone-ultimo-ditador-da-argentina","status":"publish","type":"post","link":"https:\/\/diarioregionaldigital.com.br\/?p=93506","title":{"rendered":"Morre aos 90 anos Reynaldo Bignone, \u00faltimo ditador da Argentina"},"content":{"rendered":"<p>O \u00faltimo ditador argentino, Reynaldo Benito Bignone, morreu nessa quarta-feira, 7, aos 90 anos, num hospital militar. Ele foi o quarto presidente da ditadura militar argentina (1976-1983), respons\u00e1vel pelo desaparecimento de milhares de opositores, e tinha sido condenado a pris\u00e3o perp\u00e9tua por crimes contra a humanidade.<\/p>\n<p>Nomeado presidente em 1\u00ba de julho de 1982, Bignone substituiu o deposto Leopoldo Galtieri, ap\u00f3s a derrota da Argentina contra o Reino Unido pela posse das Ilhas Malvinas \u2013 um arquip\u00e9lago no extremo Atl\u00e2ntico Sul que os dois pa\u00edses reivindicam como pr\u00f3prio.<\/p>\n<p>A derrota na guerra &#8211; somada \u00e0 crise econ\u00f4mica e a crescente mobiliza\u00e7\u00e3o popular contra a ditadura \u2013 levou Bignone a convocar elei\u00e7\u00f5es democr\u00e1ticas, depois de decretar uma lei de autoanistia para os militares. Uma de suas primeiras medidas foi convocar elei\u00e7\u00f5es, mas tamb\u00e9m a destrui\u00e7\u00e3o de toda a documenta\u00e7\u00e3o sobre pris\u00f5es, torturas e assassinatos de desaparecidos.<\/p>\n<p>No dia 10 de dezembro de 1983, Bignone entregou a faixa presidencial a Ra\u00fal Alfons\u00edn \u2013 o primeiro presidente eleito ap\u00f3s o golpe de 1976. Uma das primeiras medidas do novo governo democr\u00e1tico foi investigar as viola\u00e7\u00f5es aos Direitos Humanos e julgar seus respons\u00e1veis.<\/p>\n<p>De acordo com a Secretaria-Geral do Ex\u00e9rcito argentino, Bignone morreu por complica\u00e7\u00f5es de uma opera\u00e7\u00e3o cir\u00fargica no quadril no Hospital Militar Central de Buenos Aires, onde estava internado desde ter\u00e7a-feira.<\/p>\n<p>Nos \u00faltimos anos, o ex-general foi condenado a diversas penas perp\u00e9tuas por crimes contra a humanidade cometidos durante o seu regime, como sequestro de beb\u00eas, torturas, priva\u00e7\u00f5es ilegais de liberdade e forma\u00e7\u00e3o de quadrilha, entre outros.<\/p>\n<p>Fonte: Ag\u00eancia Brasil<\/p>\n","protected":false},"excerpt":{"rendered":"<p>O \u00faltimo ditador argentino, Reynaldo Benito Bignone, morreu nessa quarta-feira, 7, aos 90 anos, num hospital militar. Ele foi o quarto presidente da ditadura militar argentina (1976-1983), respons\u00e1vel pelo desaparecimento de milhares de opositores, e tinha sido condenado a pris\u00e3o perp\u00e9tua por crimes contra a humanidade. Nomeado presidente em 1\u00ba de julho de 1982, Bignone [&hellip;]<\/p>\n","protected":false},"author":96,"featured_media":93505,"comment_status":"closed","ping_status":"closed","sticky":false,"template":"","format":"standard","meta":{"footnotes":""},"categories":[302],"tags":[],"class_list":["post-93506","post","type-post","status-publish","format-standard","has-post-thumbnail","hentry","category-brasil-mundo"],"_links":{"self":[{"href":"https:\/\/diarioregionaldigital.com.br\/index.php?rest_route=\/wp\/v2\/posts\/93506","targetHints":{"allow":["GET"]}}],"collection":[{"href":"https:\/\/diarioregionaldigital.com.br\/index.php?rest_route=\/wp\/v2\/posts"}],"about":[{"href":"https:\/\/diarioregionaldigital.com.br\/index.php?rest_route=\/wp\/v2\/types\/post"}],"author":[{"embeddable":true,"href":"https:\/\/diarioregionaldigital.com.br\/index.php?rest_route=\/wp\/v2\/users\/96"}],"replies":[{"embeddable":true,"href":"https:\/\/diarioregionaldigital.com.br\/index.php?rest_route=%2Fwp%2Fv2%2Fcomments&post=93506"}],"version-history":[{"count":0,"href":"https:\/\/diarioregionaldigital.com.br\/index.php?rest_route=\/wp\/v2\/posts\/93506\/revisions"}],"wp:featuredmedia":[{"embeddable":true,"href":"https:\/\/diarioregionaldigital.com.br\/index.php?rest_route=\/wp\/v2\/media\/93505"}],"wp:attachment":[{"href":"https:\/\/diarioregionaldigital.com.br\/index.php?rest_route=%2Fwp%2Fv2%2Fmedia&parent=93506"}],"wp:term":[{"taxonomy":"category","embeddable":true,"href":"https:\/\/diarioregionaldigital.com.br\/index.php?rest_route=%2Fwp%2Fv2%2Fcategories&post=93506"},{"taxonomy":"post_tag","embeddable":true,"href":"https:\/\/diarioregionaldigital.com.br\/index.php?rest_route=%2Fwp%2Fv2%2Ftags&post=93506"}],"curies":[{"name":"wp","href":"https:\/\/api.w.org\/{rel}","templated":true}]}}