{"id":93504,"date":"2018-03-09T17:20:31","date_gmt":"2018-03-09T20:20:31","guid":{"rendered":"http:\/\/diarioregionaljf.com.br\/2018\/03\/09\/homem-tem-carro-roubado-enquanto-chegava-em-casa-no-bairro-monte-castelo\/"},"modified":"2018-03-09T17:20:31","modified_gmt":"2018-03-09T20:20:31","slug":"homem-tem-carro-roubado-enquanto-chegava-em-casa-no-bairro-monte-castelo","status":"publish","type":"post","link":"https:\/\/diarioregionaldigital.com.br\/?p=93504","title":{"rendered":"Homem tem carro roubado enquanto chegava em casa no bairro Monte Castelo"},"content":{"rendered":"<p>Um homem de 47 anos foi assaltado enquanto chegava de carro em sua resid\u00eancia na madrugada desta sexta-feira, 9, no bairro Monte Castelo, localizado na zona Norte.<\/p>\n<p>De acordo com o registro de ocorr\u00eancias da Pol\u00edcia Militar (PM), o homem foi abordado por dois indiv\u00edduos na Rua Expedicion\u00e1rio Ant\u00f4nio Novaes.<\/p>\n<p>Os autores estavam armados com rev\u00f3lveres, retiraram o homem do carro, um VW Spacefox, e partiram levando o ve\u00edculo em dire\u00e7\u00e3o ao bairro Parque das \u00c1guas.<\/p>\n<p>A PM foi acionada e realizou rastreamento, entretanto nenhum suspeito foi encontrado.<\/p>\n","protected":false},"excerpt":{"rendered":"<p>Um homem de 47 anos foi assaltado enquanto chegava de carro em sua resid\u00eancia na madrugada desta sexta-feira, 9, no bairro Monte Castelo, localizado na zona Norte. De acordo com o registro de ocorr\u00eancias da Pol\u00edcia Militar (PM), o homem foi abordado por dois indiv\u00edduos na Rua Expedicion\u00e1rio Ant\u00f4nio Novaes. Os autores estavam armados com [&hellip;]<\/p>\n","protected":false},"author":96,"featured_media":93503,"comment_status":"closed","ping_status":"closed","sticky":false,"template":"","format":"standard","meta":{"footnotes":""},"categories":[301],"tags":[],"class_list":["post-93504","post","type-post","status-publish","format-standard","has-post-thumbnail","hentry","category-artigos-policiais"],"_links":{"self":[{"href":"https:\/\/diarioregionaldigital.com.br\/index.php?rest_route=\/wp\/v2\/posts\/93504","targetHints":{"allow":["GET"]}}],"collection":[{"href":"https:\/\/diarioregionaldigital.com.br\/index.php?rest_route=\/wp\/v2\/posts"}],"about":[{"href":"https:\/\/diarioregionaldigital.com.br\/index.php?rest_route=\/wp\/v2\/types\/post"}],"author":[{"embeddable":true,"href":"https:\/\/diarioregionaldigital.com.br\/index.php?rest_route=\/wp\/v2\/users\/96"}],"replies":[{"embeddable":true,"href":"https:\/\/diarioregionaldigital.com.br\/index.php?rest_route=%2Fwp%2Fv2%2Fcomments&post=93504"}],"version-history":[{"count":0,"href":"https:\/\/diarioregionaldigital.com.br\/index.php?rest_route=\/wp\/v2\/posts\/93504\/revisions"}],"wp:featuredmedia":[{"embeddable":true,"href":"https:\/\/diarioregionaldigital.com.br\/index.php?rest_route=\/wp\/v2\/media\/93503"}],"wp:attachment":[{"href":"https:\/\/diarioregionaldigital.com.br\/index.php?rest_route=%2Fwp%2Fv2%2Fmedia&parent=93504"}],"wp:term":[{"taxonomy":"category","embeddable":true,"href":"https:\/\/diarioregionaldigital.com.br\/index.php?rest_route=%2Fwp%2Fv2%2Fcategories&post=93504"},{"taxonomy":"post_tag","embeddable":true,"href":"https:\/\/diarioregionaldigital.com.br\/index.php?rest_route=%2Fwp%2Fv2%2Ftags&post=93504"}],"curies":[{"name":"wp","href":"https:\/\/api.w.org\/{rel}","templated":true}]}}