{"id":93502,"date":"2018-03-09T17:08:42","date_gmt":"2018-03-09T20:08:42","guid":{"rendered":"http:\/\/diarioregionaljf.com.br\/2018\/03\/09\/assaltantes-agridem-e-roubam-transeuntes-no-ipiranga\/"},"modified":"2018-03-09T17:08:42","modified_gmt":"2018-03-09T20:08:42","slug":"assaltantes-agridem-e-roubam-transeuntes-no-ipiranga","status":"publish","type":"post","link":"https:\/\/diarioregionaldigital.com.br\/?p=93502","title":{"rendered":"Assaltantes agridem e roubam transeuntes no Ipiranga"},"content":{"rendered":"<p>A Pol\u00edcia Militar (PM) prendeu dois jovens respons\u00e1veis por assaltos seguidos no bairro Ipiranga, localizado na zona Sul. A a\u00e7\u00e3o ocorreu nesta quinta-feira, 8.<\/p>\n<p>De acordo com o registro de ocorr\u00eancias, o jovem de 26 anos passava pala Rua Bady Geara quando foi abordado por dois indiv\u00edduos que o agrediram e roubaram o celular. Ap\u00f3s o roubo, os assaltantes fugiram e cometeram outro assalto.<\/p>\n<p>Na mesma rua, os autores abordaram um homem de 36 anos, o agrediram e roubaram seu celular. A v\u00edtima sofreu escoria\u00e7\u00f5es e foi conduzido para o Hospital de Pronto Socorro (HPS) onde permaneceu internado devido agress\u00f5es que recebeu na cabe\u00e7a.<\/p>\n<p>A PM foi acionada e realizou buscas pela regi\u00e3o. Os autores, de 19 e 23 anos, foram localizados, presos e encaminhados para a delegacia.<\/p>\n","protected":false},"excerpt":{"rendered":"<p>A Pol\u00edcia Militar (PM) prendeu dois jovens respons\u00e1veis por assaltos seguidos no bairro Ipiranga, localizado na zona Sul. A a\u00e7\u00e3o ocorreu nesta quinta-feira, 8. De acordo com o registro de ocorr\u00eancias, o jovem de 26 anos passava pala Rua Bady Geara quando foi abordado por dois indiv\u00edduos que o agrediram e roubaram o celular. Ap\u00f3s [&hellip;]<\/p>\n","protected":false},"author":96,"featured_media":93501,"comment_status":"closed","ping_status":"closed","sticky":false,"template":"","format":"standard","meta":{"footnotes":""},"categories":[301],"tags":[],"class_list":["post-93502","post","type-post","status-publish","format-standard","has-post-thumbnail","hentry","category-artigos-policiais"],"_links":{"self":[{"href":"https:\/\/diarioregionaldigital.com.br\/index.php?rest_route=\/wp\/v2\/posts\/93502","targetHints":{"allow":["GET"]}}],"collection":[{"href":"https:\/\/diarioregionaldigital.com.br\/index.php?rest_route=\/wp\/v2\/posts"}],"about":[{"href":"https:\/\/diarioregionaldigital.com.br\/index.php?rest_route=\/wp\/v2\/types\/post"}],"author":[{"embeddable":true,"href":"https:\/\/diarioregionaldigital.com.br\/index.php?rest_route=\/wp\/v2\/users\/96"}],"replies":[{"embeddable":true,"href":"https:\/\/diarioregionaldigital.com.br\/index.php?rest_route=%2Fwp%2Fv2%2Fcomments&post=93502"}],"version-history":[{"count":0,"href":"https:\/\/diarioregionaldigital.com.br\/index.php?rest_route=\/wp\/v2\/posts\/93502\/revisions"}],"wp:featuredmedia":[{"embeddable":true,"href":"https:\/\/diarioregionaldigital.com.br\/index.php?rest_route=\/wp\/v2\/media\/93501"}],"wp:attachment":[{"href":"https:\/\/diarioregionaldigital.com.br\/index.php?rest_route=%2Fwp%2Fv2%2Fmedia&parent=93502"}],"wp:term":[{"taxonomy":"category","embeddable":true,"href":"https:\/\/diarioregionaldigital.com.br\/index.php?rest_route=%2Fwp%2Fv2%2Fcategories&post=93502"},{"taxonomy":"post_tag","embeddable":true,"href":"https:\/\/diarioregionaldigital.com.br\/index.php?rest_route=%2Fwp%2Fv2%2Ftags&post=93502"}],"curies":[{"name":"wp","href":"https:\/\/api.w.org\/{rel}","templated":true}]}}