{"id":93500,"date":"2018-03-09T14:22:14","date_gmt":"2018-03-09T17:22:14","guid":{"rendered":"http:\/\/diarioregionaljf.com.br\/2018\/03\/09\/prefeitura-municipal-de-rio-novo-pregao-presencial-n-010-2018-09-03-2018\/"},"modified":"2018-08-13T20:38:11","modified_gmt":"2018-08-13T23:38:11","slug":"prefeitura-municipal-de-rio-novo-pregao-presencial-n-010-2018-09-03-2018","status":"publish","type":"post","link":"https:\/\/diarioregionaldigital.com.br\/?p=93500","title":{"rendered":"PREFEITURA MUNICIPAL DE RIO NOVO Preg\u00e3o Presencial n\u00b0 010\/2018 09\/03\/2018"},"content":{"rendered":"<p>PREFEITURA MUNICIPAL DE RIO NOVO<br \/>AVISO DE RETIFICA\u00c7\u00c3O &#8211; II<br \/>Licita\u00e7\u00e3o n\u00b0 019\/2018<br \/>Preg\u00e3o Presencial n\u00b0 010\/2018<br \/>O pregoeiro Fabiano Ara\u00fajo Rodrigues, designado pela portaria 081\/2018, torna p\u00fablico, a todas as empresas interessadas em participar do referido certame, a retifica\u00e7\u00e3o do Edital, deve ser desconsiderada a altera\u00e7\u00e3o da retifica\u00e7\u00e3o publicada no dia 01\/03\/2018, fica a abertura do processo marcada para o dia 23\/03\/2017 \u00e0s 13:00, e, ficando retificado o Termo de Refer\u00eancia. RIO NOVO, 07 de MAR\u00c7O de 2018.<\/p>\n","protected":false},"excerpt":{"rendered":"<p>PREFEITURA MUNICIPAL DE RIO NOVOAVISO DE RETIFICA\u00c7\u00c3O &#8211; IILicita\u00e7\u00e3o n\u00b0 019\/2018Preg\u00e3o Presencial n\u00b0 010\/2018O pregoeiro Fabiano Ara\u00fajo Rodrigues, designado pela portaria 081\/2018, torna p\u00fablico, a todas as empresas interessadas em participar do referido certame, a retifica\u00e7\u00e3o do Edital, deve ser desconsiderada a altera\u00e7\u00e3o da retifica\u00e7\u00e3o publicada no dia 01\/03\/2018, fica a abertura do processo marcada [&hellip;]<\/p>\n","protected":false},"author":96,"featured_media":0,"comment_status":"closed","ping_status":"closed","sticky":false,"template":"","format":"standard","meta":{"footnotes":""},"categories":[307],"tags":[],"class_list":["post-93500","post","type-post","status-publish","format-standard","hentry","category-editais"],"_links":{"self":[{"href":"https:\/\/diarioregionaldigital.com.br\/index.php?rest_route=\/wp\/v2\/posts\/93500","targetHints":{"allow":["GET"]}}],"collection":[{"href":"https:\/\/diarioregionaldigital.com.br\/index.php?rest_route=\/wp\/v2\/posts"}],"about":[{"href":"https:\/\/diarioregionaldigital.com.br\/index.php?rest_route=\/wp\/v2\/types\/post"}],"author":[{"embeddable":true,"href":"https:\/\/diarioregionaldigital.com.br\/index.php?rest_route=\/wp\/v2\/users\/96"}],"replies":[{"embeddable":true,"href":"https:\/\/diarioregionaldigital.com.br\/index.php?rest_route=%2Fwp%2Fv2%2Fcomments&post=93500"}],"version-history":[{"count":0,"href":"https:\/\/diarioregionaldigital.com.br\/index.php?rest_route=\/wp\/v2\/posts\/93500\/revisions"}],"wp:attachment":[{"href":"https:\/\/diarioregionaldigital.com.br\/index.php?rest_route=%2Fwp%2Fv2%2Fmedia&parent=93500"}],"wp:term":[{"taxonomy":"category","embeddable":true,"href":"https:\/\/diarioregionaldigital.com.br\/index.php?rest_route=%2Fwp%2Fv2%2Fcategories&post=93500"},{"taxonomy":"post_tag","embeddable":true,"href":"https:\/\/diarioregionaldigital.com.br\/index.php?rest_route=%2Fwp%2Fv2%2Ftags&post=93500"}],"curies":[{"name":"wp","href":"https:\/\/api.w.org\/{rel}","templated":true}]}}