{"id":93498,"date":"2018-03-09T14:17:57","date_gmt":"2018-03-09T17:17:57","guid":{"rendered":"http:\/\/diarioregionaljf.com.br\/2018\/03\/09\/edital-de-convocacao-assng-09-03-2018-11-03-2018\/"},"modified":"2018-08-13T20:38:12","modified_gmt":"2018-08-13T23:38:12","slug":"edital-de-convocacao-assng-09-03-2018-11-03-2018","status":"publish","type":"post","link":"https:\/\/diarioregionaldigital.com.br\/?p=93498","title":{"rendered":"EDITAL DE CONVOCA\u00c7\u00c3O &#8211; ASSNG 09\/03\/2018 &#8211; 11\/03\/2018"},"content":{"rendered":"<p><em>A Assist\u00eancia Social Nossa Senhora da Gl\u00f3ria convoca seus associados \u201cquites\u201d para a Assembl\u00e9ia Geral Ordin\u00e1ria a ser realizada em sua sede, \u00e0 Rua Feliciano Penna, n\u00ba 187 \u2013 bairro Mariano Proc\u00f3pio, Juiz de Fora &#8211; MG, no dia 11 de abril de 2018, em primeira convoca\u00e7\u00e3o \u00e0s 19:00, com a presen\u00e7a de dois ter\u00e7os dos associados e, em segunda convoca\u00e7\u00e3o, \u00e0s 19:30, com qualquer n\u00famero, deliberando-se pelo voto da maioria simples dos presentes. Ordem do dia: 1\u00ba- Aprecia\u00e7\u00e3o do Relat\u00f3rio Anual da Diretoria; 2\u00ba- Discutir e deliberar sobre as contas e&nbsp; balan\u00e7o de 2017; 3\u00ba tratar de assuntos gerais relativos ao perfeito funcionamento da Assist\u00eancia Social Nossa Senhora da Gl\u00f3ria. Juiz de Fora, 09 de mar\u00e7o de 2018<\/em><\/p>\n","protected":false},"excerpt":{"rendered":"<p>A Assist\u00eancia Social Nossa Senhora da Gl\u00f3ria convoca seus associados \u201cquites\u201d para a Assembl\u00e9ia Geral Ordin\u00e1ria a ser realizada em sua sede, \u00e0 Rua Feliciano Penna, n\u00ba 187 \u2013 bairro Mariano Proc\u00f3pio, Juiz de Fora &#8211; MG, no dia 11 de abril de 2018, em primeira convoca\u00e7\u00e3o \u00e0s 19:00, com a presen\u00e7a de dois ter\u00e7os [&hellip;]<\/p>\n","protected":false},"author":96,"featured_media":0,"comment_status":"closed","ping_status":"closed","sticky":false,"template":"","format":"standard","meta":{"footnotes":""},"categories":[307],"tags":[],"class_list":["post-93498","post","type-post","status-publish","format-standard","hentry","category-editais"],"_links":{"self":[{"href":"https:\/\/diarioregionaldigital.com.br\/index.php?rest_route=\/wp\/v2\/posts\/93498","targetHints":{"allow":["GET"]}}],"collection":[{"href":"https:\/\/diarioregionaldigital.com.br\/index.php?rest_route=\/wp\/v2\/posts"}],"about":[{"href":"https:\/\/diarioregionaldigital.com.br\/index.php?rest_route=\/wp\/v2\/types\/post"}],"author":[{"embeddable":true,"href":"https:\/\/diarioregionaldigital.com.br\/index.php?rest_route=\/wp\/v2\/users\/96"}],"replies":[{"embeddable":true,"href":"https:\/\/diarioregionaldigital.com.br\/index.php?rest_route=%2Fwp%2Fv2%2Fcomments&post=93498"}],"version-history":[{"count":0,"href":"https:\/\/diarioregionaldigital.com.br\/index.php?rest_route=\/wp\/v2\/posts\/93498\/revisions"}],"wp:attachment":[{"href":"https:\/\/diarioregionaldigital.com.br\/index.php?rest_route=%2Fwp%2Fv2%2Fmedia&parent=93498"}],"wp:term":[{"taxonomy":"category","embeddable":true,"href":"https:\/\/diarioregionaldigital.com.br\/index.php?rest_route=%2Fwp%2Fv2%2Fcategories&post=93498"},{"taxonomy":"post_tag","embeddable":true,"href":"https:\/\/diarioregionaldigital.com.br\/index.php?rest_route=%2Fwp%2Fv2%2Ftags&post=93498"}],"curies":[{"name":"wp","href":"https:\/\/api.w.org\/{rel}","templated":true}]}}