{"id":93491,"date":"2018-03-09T13:54:43","date_gmt":"2018-03-09T16:54:43","guid":{"rendered":"http:\/\/diarioregionaljf.com.br\/2018\/03\/09\/defesa-civil-registra-quedas-de-muros-infiltracoes-e-ruas-danificadas-com-chuvas-das-ultimas-horas\/"},"modified":"2018-03-09T13:54:43","modified_gmt":"2018-03-09T16:54:43","slug":"defesa-civil-registra-quedas-de-muros-infiltracoes-e-ruas-danificadas-com-chuvas-das-ultimas-horas","status":"publish","type":"post","link":"https:\/\/diarioregionaldigital.com.br\/?p=93491","title":{"rendered":"Defesa Civil registra quedas de muros, infiltra\u00e7\u00f5es e ruas danificadas com chuvas das \u00faltimas horas"},"content":{"rendered":"<p>A Defesa Civil divulgou na manh\u00e3 desta sexta-feira, 9, o balan\u00e7o de ocorr\u00eancias devido \u00e0s chuvas nas \u00faltimas 16 horas.<\/p>\n<p>Das 18 horas desta quinta-feira, 8 at\u00e9 \u00e0s 10 horas desta sexta-feira, a Defesa Civil recebeu 11 chamados, sendo 4 na Regi\u00e3o Sudeste, 3 no Centro, e 1 nas Regi\u00f5es leste, Oeste, Sul e Nordeste, cada uma.<\/p>\n<p>As ocorr\u00eancias foram relacionadas \u00e0 queda de talude e muro, infiltra\u00e7\u00e3o em parede, infiltra\u00e7\u00e3o em piso, infiltra\u00e7\u00e3o em muro de conten\u00e7\u00e3o, trinca em parede, rua danificada, amea\u00e7a de queda de muro de divisa, e amea\u00e7a de queda de talude.<\/p>\n<p>Os atendimentos que tiveram destaque foram um escorregamento de talude e uma queda de muro. Na Rua Nilza de Lourdes fortes, no Retiro um barranco caiu em um escad\u00e3o, que ficou sem acesso. L\u00e1, uma casa foi atingida e interditada parcialmente. A ocorr\u00eancia foi encaminhada para a Secretaria de Obras realizar a desobstru\u00e7\u00e3o do escad\u00e3o.<\/p>\n<p>J\u00e1 na Rua da F\u00e9, na Vila Olavo Costa, atendido um muro de conten\u00e7\u00e3o caiu e atingiu as paredes dos fundos de uma resid\u00eancia de dois pavimentos. A casa tamb\u00e9m foi interditada parcialmente como medida de preven\u00e7\u00e3o. Ambas as ocorr\u00eancias n\u00e3o tiveram desalojados pois as interdi\u00e7\u00f5es foram parciais.<\/p>\n<p>A m\u00e9dia de chuva registrada nas \u00faltimas 24 horas foi de 12,48mm, sendo 46,85 mm, na Represa. O acumulado das chuvas neste mesmo per\u00edodo foi de 137,37mm.<\/p>\n<p>Um novo boletim poder\u00e1 ser lan\u00e7ado durante o per\u00edodo da tarde de hoje.<\/p>\n<p>Fonte: Assessoria \/ PJF<\/p>\n","protected":false},"excerpt":{"rendered":"<p>A Defesa Civil divulgou na manh\u00e3 desta sexta-feira, 9, o balan\u00e7o de ocorr\u00eancias devido \u00e0s chuvas nas \u00faltimas 16 horas. Das 18 horas desta quinta-feira, 8 at\u00e9 \u00e0s 10 horas desta sexta-feira, a Defesa Civil recebeu 11 chamados, sendo 4 na Regi\u00e3o Sudeste, 3 no Centro, e 1 nas Regi\u00f5es leste, Oeste, Sul e Nordeste, [&hellip;]<\/p>\n","protected":false},"author":96,"featured_media":93490,"comment_status":"closed","ping_status":"closed","sticky":false,"template":"","format":"standard","meta":{"footnotes":""},"categories":[253],"tags":[],"class_list":["post-93491","post","type-post","status-publish","format-standard","has-post-thumbnail","hentry","category-cidade"],"_links":{"self":[{"href":"https:\/\/diarioregionaldigital.com.br\/index.php?rest_route=\/wp\/v2\/posts\/93491","targetHints":{"allow":["GET"]}}],"collection":[{"href":"https:\/\/diarioregionaldigital.com.br\/index.php?rest_route=\/wp\/v2\/posts"}],"about":[{"href":"https:\/\/diarioregionaldigital.com.br\/index.php?rest_route=\/wp\/v2\/types\/post"}],"author":[{"embeddable":true,"href":"https:\/\/diarioregionaldigital.com.br\/index.php?rest_route=\/wp\/v2\/users\/96"}],"replies":[{"embeddable":true,"href":"https:\/\/diarioregionaldigital.com.br\/index.php?rest_route=%2Fwp%2Fv2%2Fcomments&post=93491"}],"version-history":[{"count":0,"href":"https:\/\/diarioregionaldigital.com.br\/index.php?rest_route=\/wp\/v2\/posts\/93491\/revisions"}],"wp:featuredmedia":[{"embeddable":true,"href":"https:\/\/diarioregionaldigital.com.br\/index.php?rest_route=\/wp\/v2\/media\/93490"}],"wp:attachment":[{"href":"https:\/\/diarioregionaldigital.com.br\/index.php?rest_route=%2Fwp%2Fv2%2Fmedia&parent=93491"}],"wp:term":[{"taxonomy":"category","embeddable":true,"href":"https:\/\/diarioregionaldigital.com.br\/index.php?rest_route=%2Fwp%2Fv2%2Fcategories&post=93491"},{"taxonomy":"post_tag","embeddable":true,"href":"https:\/\/diarioregionaldigital.com.br\/index.php?rest_route=%2Fwp%2Fv2%2Ftags&post=93491"}],"curies":[{"name":"wp","href":"https:\/\/api.w.org\/{rel}","templated":true}]}}