{"id":93489,"date":"2018-03-09T13:07:17","date_gmt":"2018-03-09T16:07:17","guid":{"rendered":"http:\/\/diarioregionaljf.com.br\/2018\/03\/09\/pm-prende-dois-jovens-e-localiza-planta-e-sementes-de-maconha\/"},"modified":"2018-03-09T13:07:17","modified_gmt":"2018-03-09T16:07:17","slug":"pm-prende-dois-jovens-e-localiza-planta-e-sementes-de-maconha","status":"publish","type":"post","link":"https:\/\/diarioregionaldigital.com.br\/?p=93489","title":{"rendered":"PM prende dois jovens e localiza planta e sementes de maconha"},"content":{"rendered":"<p>A Pol\u00edcia Militar (PM) prendeu dois jovens de 20 anos na noite desta quinta-feira, 8, ap\u00f3s serem abordados dirigindo ve\u00edculo adulterado. O caso ocorreu no bairro Nova Era, localizado na zona Norte.<\/p>\n<p>De acordo com informa\u00e7\u00f5es da PM, uma viatura realizava patrulhamento pela Rua Ivani Fernando Bispo, quando se depararam com uma motocicleta transitando pela via com dois indiv\u00edduos. Os policiais deram voz de parada para realizarem fiscaliza\u00e7\u00e3o e neste momento o ve\u00edculo acelerou a fim de fugir.<\/p>\n<p>A viatura da PM seguiu a moto e conseguiu abordar o motorista e o carona. Durante a fiscaliza\u00e7\u00e3o ao ve\u00edculo foi constatado que a motocicleta estava com o chassi raspado.<\/p>\n<p>A PM se deslocou at\u00e9 a resid\u00eancia de um dos jovens e ap\u00f3s autoriza\u00e7\u00e3o para entrada, foram encontradas uma garrucha calibre 22 sem marca do fabricante, al\u00e9m de um vaso com uma planta de maconha e um saco com sementes da mesma planta.<\/p>\n<p>Os autores receberam voz de pris\u00e3o e foram encaminhados para a delegacia juntamente com o material apreendido.<\/p>\n","protected":false},"excerpt":{"rendered":"<p>A Pol\u00edcia Militar (PM) prendeu dois jovens de 20 anos na noite desta quinta-feira, 8, ap\u00f3s serem abordados dirigindo ve\u00edculo adulterado. O caso ocorreu no bairro Nova Era, localizado na zona Norte. De acordo com informa\u00e7\u00f5es da PM, uma viatura realizava patrulhamento pela Rua Ivani Fernando Bispo, quando se depararam com uma motocicleta transitando pela [&hellip;]<\/p>\n","protected":false},"author":96,"featured_media":93488,"comment_status":"closed","ping_status":"closed","sticky":false,"template":"","format":"standard","meta":{"footnotes":""},"categories":[301],"tags":[],"class_list":["post-93489","post","type-post","status-publish","format-standard","has-post-thumbnail","hentry","category-artigos-policiais"],"_links":{"self":[{"href":"https:\/\/diarioregionaldigital.com.br\/index.php?rest_route=\/wp\/v2\/posts\/93489","targetHints":{"allow":["GET"]}}],"collection":[{"href":"https:\/\/diarioregionaldigital.com.br\/index.php?rest_route=\/wp\/v2\/posts"}],"about":[{"href":"https:\/\/diarioregionaldigital.com.br\/index.php?rest_route=\/wp\/v2\/types\/post"}],"author":[{"embeddable":true,"href":"https:\/\/diarioregionaldigital.com.br\/index.php?rest_route=\/wp\/v2\/users\/96"}],"replies":[{"embeddable":true,"href":"https:\/\/diarioregionaldigital.com.br\/index.php?rest_route=%2Fwp%2Fv2%2Fcomments&post=93489"}],"version-history":[{"count":0,"href":"https:\/\/diarioregionaldigital.com.br\/index.php?rest_route=\/wp\/v2\/posts\/93489\/revisions"}],"wp:featuredmedia":[{"embeddable":true,"href":"https:\/\/diarioregionaldigital.com.br\/index.php?rest_route=\/wp\/v2\/media\/93488"}],"wp:attachment":[{"href":"https:\/\/diarioregionaldigital.com.br\/index.php?rest_route=%2Fwp%2Fv2%2Fmedia&parent=93489"}],"wp:term":[{"taxonomy":"category","embeddable":true,"href":"https:\/\/diarioregionaldigital.com.br\/index.php?rest_route=%2Fwp%2Fv2%2Fcategories&post=93489"},{"taxonomy":"post_tag","embeddable":true,"href":"https:\/\/diarioregionaldigital.com.br\/index.php?rest_route=%2Fwp%2Fv2%2Ftags&post=93489"}],"curies":[{"name":"wp","href":"https:\/\/api.w.org\/{rel}","templated":true}]}}