{"id":93487,"date":"2018-03-09T12:56:49","date_gmt":"2018-03-09T15:56:49","guid":{"rendered":"http:\/\/diarioregionaljf.com.br\/2018\/03\/09\/feng-shui-arquitetura-e-evolucao-humana\/"},"modified":"2018-03-09T12:56:49","modified_gmt":"2018-03-09T15:56:49","slug":"feng-shui-arquitetura-e-evolucao-humana","status":"publish","type":"post","link":"https:\/\/diarioregionaldigital.com.br\/?p=93487","title":{"rendered":"Feng Shui: arquitetura e evolu\u00e7\u00e3o humana"},"content":{"rendered":"<p><img loading=\"lazy\" decoding=\"async\" class=\" size-full wp-image-93484\" src=\"http:\/\/diarioregionaljf.com.br\/wp-content\/uploads\/2018\/03\/diario-int-24909-1.jpg\" alt=\" cabecalho arquitetura\" width=\"641\" height=\"64\" srcset=\"https:\/\/diarioregionaldigital.com.br\/wp-content\/uploads\/2018\/03\/diario-int-24909-1.jpg 641w, https:\/\/diarioregionaldigital.com.br\/wp-content\/uploads\/2018\/03\/diario-int-24909-1-300x30.jpg 300w, https:\/\/diarioregionaldigital.com.br\/wp-content\/uploads\/2018\/03\/diario-int-24909-1-360x36.jpg 360w\" sizes=\"auto, (max-width: 641px) 100vw, 641px\" \/><br \/>Seja nas teorias cient\u00edficas ou nas espiritualistas: \u00e9 pr\u00f3prio de toda a natureza evoluir.<\/p>\n<p>Para o Feng Shui, antiga arte chinesa de hamoniza\u00e7\u00e3o de ambientes, a evolu\u00e7\u00e3o consiste em desenvolver e utilizar nossas potencialidades adormecidas e latentes. Preconiza que devemos conhecer nossa atual natureza para que, ao alimentar aquilo que temos de melhor, possamos dar um passo seguro \u00e0 frente.<\/p>\n<p>\u00c9 certo que nesse processo, nosso corpo f\u00edsico, mineral, precisa de cuidados, de prote\u00e7\u00e3o, de limpeza, de alimento&#8230;<\/p>\n<p>Nosso corpo vital precisa de energia, de trocas com o meio&#8230;<\/p>\n<p>Nosso corpo ps\u00edquico precisa de dar e receber afeto, de se sociabilizar, de pertencer a um grupo&#8230;<\/p>\n<p>Nossa estrutura racional precisa de estima, de reconhecimento&#8230;<\/p>\n<p><span style=\"color: #3366ff;\"><strong>Quem somos n\u00f3s?<\/strong><\/span><\/p>\n<p>Mas o ser humano se resumiria a isso? Corpo, energia, emo\u00e7\u00f5es e raz\u00e3o?<\/p>\n<p>Se tudo evolui: mineral, vegetal, animal, humano&#8230; para onde esse \u00faltimo evoluiria?<\/p>\n<p>Responder a essa quest\u00e3o \u00e9 come\u00e7ar a dar sentido \u00e0 nossa exist\u00eancia, \u00e0s nossas lutas e demandas.<\/p>\n<p>\u00c9 o princ\u00edpio do entendimento de quem somos, &#8220;donde&#8221; estamos e aonde podemos chegar com nossos pr\u00f3ximos passos.<\/p>\n<p>No Feng Shui, antiga arte de harmoniza\u00e7\u00e3o dos ambientes, essa necessidade de saber quem somos e cultiv\u00e1-la corresponde ao gu\u00e1 da espiritualidade ou do conhecimento e precisa ser desenvolvida e alimentada em equil\u00edbrio com os demais aspectos da vida.<\/p>\n<p>Por isso esse aspecto da vida (ou gu\u00e1) quest\u00e3o \u00e9 levada a s\u00e9rio e \u00e9 um dos oito aspectos (gu\u00e1s) tem que ser levado em considera\u00e7\u00e3o quando se faz o Feng Shui da casa.<\/p>\n<p>Saber quem somos direciona nossas a\u00e7\u00f5es e nos faz dar novos sentidos at\u00e9 mesmo ao dia a dia.<\/p>\n<p>Saber das nossas origens e prop\u00f3sitos \u00e9 o que nos permite realmente evoluir, sermos melhores, mais fortes, serenos, altru\u00edstas&#8230; enfim, humanos.<\/p>\n<p><span style=\"color: #3366ff;\"><strong>Dicas para o Gu\u00e1 da Espiritualidade<\/strong><\/span><\/p>\n<p><img loading=\"lazy\" decoding=\"async\" class=\" size-full wp-image-93485\" src=\"http:\/\/diarioregionaljf.com.br\/wp-content\/uploads\/2018\/03\/diario-int-24909-2.png\" alt=\"fengshui espiritualidade 02\" width=\"640\" height=\"425\" srcset=\"https:\/\/diarioregionaldigital.com.br\/wp-content\/uploads\/2018\/03\/diario-int-24909-2.png 640w, https:\/\/diarioregionaldigital.com.br\/wp-content\/uploads\/2018\/03\/diario-int-24909-2-300x199.png 300w, https:\/\/diarioregionaldigital.com.br\/wp-content\/uploads\/2018\/03\/diario-int-24909-2-360x239.png 360w\" sizes=\"auto, (max-width: 640px) 100vw, 640px\" \/><br \/>A espiritualidade \u00e9 a base para o desenvolvimento, por isso est\u00e1 relacionada com o elemento Terra.<\/p>\n<p><img loading=\"lazy\" decoding=\"async\" class=\" size-full wp-image-93486\" src=\"http:\/\/diarioregionaljf.com.br\/wp-content\/uploads\/2018\/03\/diario-int-24909-3.png\" alt=\"fengshui espiritualidade 01\" width=\"640\" height=\"425\" srcset=\"https:\/\/diarioregionaldigital.com.br\/wp-content\/uploads\/2018\/03\/diario-int-24909-3.png 640w, https:\/\/diarioregionaldigital.com.br\/wp-content\/uploads\/2018\/03\/diario-int-24909-3-300x199.png 300w, https:\/\/diarioregionaldigital.com.br\/wp-content\/uploads\/2018\/03\/diario-int-24909-3-360x239.png 360w\" sizes=\"auto, (max-width: 640px) 100vw, 640px\" \/><br \/>Esse elemento \u00e9 alimentado pelas cores amarelas e tons terrosos e, tamb\u00e9m, pelos objetos de forma quadrada.<\/p>\n<p>Por imagens que representem a sua espiritualidade (seja ela referente a alguma religi\u00e3o ou n\u00e3o)<\/p>\n<p><span style=\"color: #3366ff;\"><strong>+ DICAS E INFORMA\u00c7\u00d5ES:<br \/><\/strong><span style=\"color: #000000;\">Fabiano Teixeira<br \/>(32) 99103-1405<br \/><a href=\"http:\/\/www.facebook.com\/fengshuidefinitivo\" target=\"_blank\" rel=\"noopener noreferrer\">www.facebook.com\/fengshuidefinitivo<\/a><\/span><\/span><\/p>\n","protected":false},"excerpt":{"rendered":"<p>Seja nas teorias cient\u00edficas ou nas espiritualistas: \u00e9 pr\u00f3prio de toda a natureza evoluir. Para o Feng Shui, antiga arte chinesa de hamoniza\u00e7\u00e3o de ambientes, a evolu\u00e7\u00e3o consiste em desenvolver e utilizar nossas potencialidades adormecidas e latentes. Preconiza que devemos conhecer nossa atual natureza para que, ao alimentar aquilo que temos de melhor, possamos dar [&hellip;]<\/p>\n","protected":false},"author":96,"featured_media":93483,"comment_status":"closed","ping_status":"closed","sticky":false,"template":"","format":"standard","meta":{"footnotes":""},"categories":[287],"tags":[],"class_list":["post-93487","post","type-post","status-publish","format-standard","has-post-thumbnail","hentry","category-arquitetura-fabiano-teixeira"],"_links":{"self":[{"href":"https:\/\/diarioregionaldigital.com.br\/index.php?rest_route=\/wp\/v2\/posts\/93487","targetHints":{"allow":["GET"]}}],"collection":[{"href":"https:\/\/diarioregionaldigital.com.br\/index.php?rest_route=\/wp\/v2\/posts"}],"about":[{"href":"https:\/\/diarioregionaldigital.com.br\/index.php?rest_route=\/wp\/v2\/types\/post"}],"author":[{"embeddable":true,"href":"https:\/\/diarioregionaldigital.com.br\/index.php?rest_route=\/wp\/v2\/users\/96"}],"replies":[{"embeddable":true,"href":"https:\/\/diarioregionaldigital.com.br\/index.php?rest_route=%2Fwp%2Fv2%2Fcomments&post=93487"}],"version-history":[{"count":0,"href":"https:\/\/diarioregionaldigital.com.br\/index.php?rest_route=\/wp\/v2\/posts\/93487\/revisions"}],"wp:featuredmedia":[{"embeddable":true,"href":"https:\/\/diarioregionaldigital.com.br\/index.php?rest_route=\/wp\/v2\/media\/93483"}],"wp:attachment":[{"href":"https:\/\/diarioregionaldigital.com.br\/index.php?rest_route=%2Fwp%2Fv2%2Fmedia&parent=93487"}],"wp:term":[{"taxonomy":"category","embeddable":true,"href":"https:\/\/diarioregionaldigital.com.br\/index.php?rest_route=%2Fwp%2Fv2%2Fcategories&post=93487"},{"taxonomy":"post_tag","embeddable":true,"href":"https:\/\/diarioregionaldigital.com.br\/index.php?rest_route=%2Fwp%2Fv2%2Ftags&post=93487"}],"curies":[{"name":"wp","href":"https:\/\/api.w.org\/{rel}","templated":true}]}}