{"id":93482,"date":"2018-03-09T12:35:59","date_gmt":"2018-03-09T15:35:59","guid":{"rendered":"http:\/\/diarioregionaljf.com.br\/2018\/03\/09\/assaltante-devolve-celular-roubado-por-nao-saber-desbloquea-lo\/"},"modified":"2018-03-09T12:35:59","modified_gmt":"2018-03-09T15:35:59","slug":"assaltante-devolve-celular-roubado-por-nao-saber-desbloquea-lo","status":"publish","type":"post","link":"https:\/\/diarioregionaldigital.com.br\/?p=93482","title":{"rendered":"Assaltante devolve celular roubado por n\u00e3o saber desbloque\u00e1-lo"},"content":{"rendered":"<p>Tr\u00eas pessoas foram assaltadas na madrugada desta sexta-feira, 9, no bairro S\u00e3o Mateus, regi\u00e3o central da cidade.<\/p>\n<p>De acordo com o registro de ocorr\u00eancia da Pol\u00edcia Militar (PM), as v\u00edtimas, dois jovens de 25 e 28 anos e uma mulher de 30, passavam pela Rua Engenheiro Bicalho quando foram abordadas por dois indiv\u00edduos que anunciaram o assalto.<\/p>\n<p>Os autores estavam armados e exigiram os celulares e dinheiro das v\u00edtimas. A mulher se recusou a entregar o celular. O jovem de 25 anos teve o celular roubado, mas momentos depois, o recebeu de volta, pois o assaltante n\u00e3o soube desbloquear o aparelho. Ap\u00f3s a a\u00e7\u00e3o os autores fugiram.<\/p>\n<p>As v\u00edtimas ainda relataram que durante o assalto um ve\u00edculo passou pela rua e percebendo a situa\u00e7\u00e3o passou a seguir os autores, que por sua vez, entraram em um ve\u00edculo Palio e fugiram.<\/p>\n<p>A PM foi acionada e realizou buscas pela regi\u00e3o, entretanto nenhum suspeito foi encontrado.<\/p>\n","protected":false},"excerpt":{"rendered":"<p>Tr\u00eas pessoas foram assaltadas na madrugada desta sexta-feira, 9, no bairro S\u00e3o Mateus, regi\u00e3o central da cidade. De acordo com o registro de ocorr\u00eancia da Pol\u00edcia Militar (PM), as v\u00edtimas, dois jovens de 25 e 28 anos e uma mulher de 30, passavam pela Rua Engenheiro Bicalho quando foram abordadas por dois indiv\u00edduos que anunciaram [&hellip;]<\/p>\n","protected":false},"author":96,"featured_media":93481,"comment_status":"closed","ping_status":"closed","sticky":false,"template":"","format":"standard","meta":{"footnotes":""},"categories":[301],"tags":[],"class_list":["post-93482","post","type-post","status-publish","format-standard","has-post-thumbnail","hentry","category-artigos-policiais"],"_links":{"self":[{"href":"https:\/\/diarioregionaldigital.com.br\/index.php?rest_route=\/wp\/v2\/posts\/93482","targetHints":{"allow":["GET"]}}],"collection":[{"href":"https:\/\/diarioregionaldigital.com.br\/index.php?rest_route=\/wp\/v2\/posts"}],"about":[{"href":"https:\/\/diarioregionaldigital.com.br\/index.php?rest_route=\/wp\/v2\/types\/post"}],"author":[{"embeddable":true,"href":"https:\/\/diarioregionaldigital.com.br\/index.php?rest_route=\/wp\/v2\/users\/96"}],"replies":[{"embeddable":true,"href":"https:\/\/diarioregionaldigital.com.br\/index.php?rest_route=%2Fwp%2Fv2%2Fcomments&post=93482"}],"version-history":[{"count":0,"href":"https:\/\/diarioregionaldigital.com.br\/index.php?rest_route=\/wp\/v2\/posts\/93482\/revisions"}],"wp:featuredmedia":[{"embeddable":true,"href":"https:\/\/diarioregionaldigital.com.br\/index.php?rest_route=\/wp\/v2\/media\/93481"}],"wp:attachment":[{"href":"https:\/\/diarioregionaldigital.com.br\/index.php?rest_route=%2Fwp%2Fv2%2Fmedia&parent=93482"}],"wp:term":[{"taxonomy":"category","embeddable":true,"href":"https:\/\/diarioregionaldigital.com.br\/index.php?rest_route=%2Fwp%2Fv2%2Fcategories&post=93482"},{"taxonomy":"post_tag","embeddable":true,"href":"https:\/\/diarioregionaldigital.com.br\/index.php?rest_route=%2Fwp%2Fv2%2Ftags&post=93482"}],"curies":[{"name":"wp","href":"https:\/\/api.w.org\/{rel}","templated":true}]}}