{"id":93478,"date":"2018-03-09T00:23:35","date_gmt":"2018-03-09T03:23:35","guid":{"rendered":"http:\/\/diarioregionaljf.com.br\/2018\/03\/09\/inauguracao\/"},"modified":"2018-03-09T00:23:35","modified_gmt":"2018-03-09T03:23:35","slug":"inauguracao","status":"publish","type":"post","link":"https:\/\/diarioregionaldigital.com.br\/?p=93478","title":{"rendered":"Inaugura\u00e7\u00e3o"},"content":{"rendered":"<h4 style=\"text-align: center;\">Inaugura\u00e7\u00e3o<\/h4>\n<p>Reunindo v\u00e1rios segmentos da sociedade de Juiz de Fora e mineira, foi inaugurado o Teatro Paschoal Carlos Magno em grande estilo cultural. A obra iniciada h\u00e1 cerca de 40 anos pelo prefeito Mello Reis e entregue em noite memor\u00e1vel no dia 2 de mar\u00e7o pelo prefeito Bruno Siqueira numa parceria do Munic\u00edpio com o Governo do Estado de Minas Gerais atrav\u00e9s da Codemig, encantou todos os presentes. A vi\u00fava do ex-prefeito, professora Vera Mello Reis foi homenageada. A inaugura\u00e7\u00e3o do palco ficou por conta dos jovens do projeto Gente em Primeiro Lugar da Prefeitura de Juiz de Fora. A Orquestra do Maestro Sylvio Gomes fechou a noite com as cantoras Alzira Bianco e Gisa Stenner. As fotos de Humberto Nicoline, Zine Cultural e Gil Veloso destacam presen\u00e7as especiais.<\/p>\n<p>&nbsp;<\/p>\n<p style=\"text-align: justify;\"><img loading=\"lazy\" decoding=\"async\" class=\" size-full wp-image-93464\" src=\"http:\/\/diarioregionaljf.com.br\/wp-content\/uploads\/2018\/03\/diario-int-24906-1.JPG\" alt=\"fotoa.JPG\" width=\"491\" height=\"327\" style=\"display: block; margin-left: auto; margin-right: auto;\" srcset=\"https:\/\/diarioregionaldigital.com.br\/wp-content\/uploads\/2018\/03\/diario-int-24906-1.JPG 675w, https:\/\/diarioregionaldigital.com.br\/wp-content\/uploads\/2018\/03\/diario-int-24906-1-300x200.jpg 300w, https:\/\/diarioregionaldigital.com.br\/wp-content\/uploads\/2018\/03\/diario-int-24906-1-360x240.jpg 360w\" sizes=\"auto, (max-width: 491px) 100vw, 491px\" \/><\/p>\n<p style=\"text-align: center;\">Marcelo Siqueira, Eduardo Gomes e prefeito Bruno Siqueira<\/p>\n<p>&nbsp;<\/p>\n<p><img loading=\"lazy\" decoding=\"async\" class=\" size-full wp-image-93465\" src=\"http:\/\/diarioregionaljf.com.br\/wp-content\/uploads\/2018\/03\/diario-int-24906-2.jpg\" alt=\"fotob.jpg\" width=\"456\" height=\"321\" style=\"display: block; margin-left: auto; margin-right: auto;\" srcset=\"https:\/\/diarioregionaldigital.com.br\/wp-content\/uploads\/2018\/03\/diario-int-24906-2.jpg 639w, https:\/\/diarioregionaldigital.com.br\/wp-content\/uploads\/2018\/03\/diario-int-24906-2-300x210.jpg 300w, https:\/\/diarioregionaldigital.com.br\/wp-content\/uploads\/2018\/03\/diario-int-24906-2-360x254.jpg 360w, https:\/\/diarioregionaldigital.com.br\/wp-content\/uploads\/2018\/03\/diario-int-24906-2-100x70.jpg 100w\" sizes=\"auto, (max-width: 456px) 100vw, 456px\" \/><\/p>\n<p style=\"text-align: center;\">Rodrigo Mattos (vereador presidente da CMJF), M\u00e1rcia Aquino, a atriz Andressa Dias e Eduardo Gomes<\/p>\n<p>&nbsp;<\/p>\n<p><img loading=\"lazy\" decoding=\"async\" class=\" size-full wp-image-93466\" src=\"http:\/\/diarioregionaljf.com.br\/wp-content\/uploads\/2018\/03\/diario-int-24906-3.jpg\" alt=\"fotoc.jpg\" style=\"display: block; margin-left: auto; margin-right: auto;\" width=\"455\" height=\"450\" srcset=\"https:\/\/diarioregionaldigital.com.br\/wp-content\/uploads\/2018\/03\/diario-int-24906-3.jpg 455w, https:\/\/diarioregionaldigital.com.br\/wp-content\/uploads\/2018\/03\/diario-int-24906-3-300x297.jpg 300w, https:\/\/diarioregionaldigital.com.br\/wp-content\/uploads\/2018\/03\/diario-int-24906-3-120x120.jpg 120w, https:\/\/diarioregionaldigital.com.br\/wp-content\/uploads\/2018\/03\/diario-int-24906-3-360x356.jpg 360w, https:\/\/diarioregionaldigital.com.br\/wp-content\/uploads\/2018\/03\/diario-int-24906-3-80x80.jpg 80w\" sizes=\"auto, (max-width: 455px) 100vw, 455px\" \/><\/p>\n<p style=\"text-align: center;\">Ex-Superintendente da Funalfa, Toninho Dutra e a equipe cultural total<\/p>\n<p>&nbsp;<\/p>\n<p><img loading=\"lazy\" decoding=\"async\" class=\" size-full wp-image-93467\" src=\"http:\/\/diarioregionaljf.com.br\/wp-content\/uploads\/2018\/03\/diario-int-24906-4.jpg\" alt=\"fotod.jpg\" width=\"409\" height=\"311\" style=\"display: block; margin-left: auto; margin-right: auto;\" srcset=\"https:\/\/diarioregionaldigital.com.br\/wp-content\/uploads\/2018\/03\/diario-int-24906-4.jpg 593w, https:\/\/diarioregionaldigital.com.br\/wp-content\/uploads\/2018\/03\/diario-int-24906-4-300x228.jpg 300w, https:\/\/diarioregionaldigital.com.br\/wp-content\/uploads\/2018\/03\/diario-int-24906-4-360x273.jpg 360w\" sizes=\"auto, (max-width: 409px) 100vw, 409px\" \/><\/p>\n<p style=\"text-align: center;\">As atrizes Andressa Dias e Joana Paula ladeando Eduardo Gomes<\/p>\n<p>&nbsp;<\/p>\n<p><img loading=\"lazy\" decoding=\"async\" class=\" size-full wp-image-93468\" src=\"http:\/\/diarioregionaljf.com.br\/wp-content\/uploads\/2018\/03\/diario-int-24906-5.jpg\" alt=\"fotoe.jpg\" style=\"display: block; margin-left: auto; margin-right: auto;\" width=\"319\" height=\"450\" srcset=\"https:\/\/diarioregionaldigital.com.br\/wp-content\/uploads\/2018\/03\/diario-int-24906-5.jpg 319w, https:\/\/diarioregionaldigital.com.br\/wp-content\/uploads\/2018\/03\/diario-int-24906-5-213x300.jpg 213w\" sizes=\"auto, (max-width: 319px) 100vw, 319px\" \/><\/p>\n<p style=\"text-align: center;\">Eduardo Gomes, Myrliane Le\u00e3o e o arquiteto Lucas Lorhan<\/p>\n<p>&nbsp;<\/p>\n<p><img loading=\"lazy\" decoding=\"async\" class=\" size-full wp-image-93469\" src=\"http:\/\/diarioregionaljf.com.br\/wp-content\/uploads\/2018\/03\/diario-int-24906-6.JPG\" alt=\"fotof.JPG\" width=\"443\" height=\"295\" style=\"display: block; margin-left: auto; margin-right: auto;\" srcset=\"https:\/\/diarioregionaldigital.com.br\/wp-content\/uploads\/2018\/03\/diario-int-24906-6.JPG 675w, https:\/\/diarioregionaldigital.com.br\/wp-content\/uploads\/2018\/03\/diario-int-24906-6-300x200.jpg 300w, https:\/\/diarioregionaldigital.com.br\/wp-content\/uploads\/2018\/03\/diario-int-24906-6-360x240.jpg 360w\" sizes=\"auto, (max-width: 443px) 100vw, 443px\" \/><\/p>\n<p style=\"text-align: center;\">Os colunistas C\u00e9sar Romero e Eduardo Gomes<\/p>\n<p>&nbsp;<\/p>\n<p><img loading=\"lazy\" decoding=\"async\" class=\" size-full wp-image-93470\" src=\"http:\/\/diarioregionaljf.com.br\/wp-content\/uploads\/2018\/03\/diario-int-24906-7.jpg\" alt=\"fotoh.jpg\" width=\"468\" height=\"312\" style=\"display: block; margin-left: auto; margin-right: auto;\" srcset=\"https:\/\/diarioregionaldigital.com.br\/wp-content\/uploads\/2018\/03\/diario-int-24906-7.jpg 675w, https:\/\/diarioregionaldigital.com.br\/wp-content\/uploads\/2018\/03\/diario-int-24906-7-300x200.jpg 300w, https:\/\/diarioregionaldigital.com.br\/wp-content\/uploads\/2018\/03\/diario-int-24906-7-360x240.jpg 360w\" sizes=\"auto, (max-width: 468px) 100vw, 468px\" \/><\/p>\n<p style=\"text-align: center;\">Na Galeria de Arte, os idealizadores Fernanda Cruzick e S\u00e9rgio Neumann com Thiago Val\u00e9rio e Carlos Mendon\u00e7a<\/p>\n<p>&nbsp;<\/p>\n<p><img loading=\"lazy\" decoding=\"async\" class=\" size-full wp-image-93471\" src=\"http:\/\/diarioregionaljf.com.br\/wp-content\/uploads\/2018\/03\/diario-int-24906-8.jpg\" alt=\"fotoi.jpg\" width=\"509\" height=\"339\" style=\"display: block; margin-left: auto; margin-right: auto;\" srcset=\"https:\/\/diarioregionaldigital.com.br\/wp-content\/uploads\/2018\/03\/diario-int-24906-8.jpg 675w, https:\/\/diarioregionaldigital.com.br\/wp-content\/uploads\/2018\/03\/diario-int-24906-8-300x200.jpg 300w, https:\/\/diarioregionaldigital.com.br\/wp-content\/uploads\/2018\/03\/diario-int-24906-8-360x240.jpg 360w\" sizes=\"auto, (max-width: 509px) 100vw, 509px\" \/><\/p>\n<p style=\"text-align: center;\">Autoridades inauguram o Teatro Paschoal Carlos Magno<\/p>\n<p>&nbsp;<\/p>\n<p><img loading=\"lazy\" decoding=\"async\" class=\" size-full wp-image-93472\" src=\"http:\/\/diarioregionaljf.com.br\/wp-content\/uploads\/2018\/03\/diario-int-24906-9.jpg\" alt=\"fotoj.jpg\" width=\"397\" height=\"298\" style=\"display: block; margin-left: auto; margin-right: auto;\" srcset=\"https:\/\/diarioregionaldigital.com.br\/wp-content\/uploads\/2018\/03\/diario-int-24906-9.jpg 600w, https:\/\/diarioregionaldigital.com.br\/wp-content\/uploads\/2018\/03\/diario-int-24906-9-300x225.jpg 300w, https:\/\/diarioregionaldigital.com.br\/wp-content\/uploads\/2018\/03\/diario-int-24906-9-360x270.jpg 360w\" sizes=\"auto, (max-width: 397px) 100vw, 397px\" \/><\/p>\n<p style=\"text-align: center;\">Gente de express\u00e3o: Edgar Ribeiro, Sec. Jos\u00e9 Soter de Figueiroa, Vera Mello Reis (homenageada) e Ana Paula Brand\u00e3o<\/p>\n<p>&nbsp;<\/p>\n<p><img loading=\"lazy\" decoding=\"async\" class=\" size-full wp-image-93473\" src=\"http:\/\/diarioregionaljf.com.br\/wp-content\/uploads\/2018\/03\/diario-int-24906-10.jpg\" alt=\"fotol.jpg\" width=\"419\" height=\"279\" style=\"display: block; margin-left: auto; margin-right: auto;\" srcset=\"https:\/\/diarioregionaldigital.com.br\/wp-content\/uploads\/2018\/03\/diario-int-24906-10.jpg 675w, https:\/\/diarioregionaldigital.com.br\/wp-content\/uploads\/2018\/03\/diario-int-24906-10-300x200.jpg 300w, https:\/\/diarioregionaldigital.com.br\/wp-content\/uploads\/2018\/03\/diario-int-24906-10-360x240.jpg 360w\" sizes=\"auto, (max-width: 419px) 100vw, 419px\" \/><\/p>\n<p style=\"text-align: center;\">Equipe PJF \u2013 TV com Moema Feital, Pedro Trica, Jussara Ramos e Eduardo Dutra Maia<\/p>\n<p>&nbsp;<\/p>\n<p style=\"text-align: justify;\"><img loading=\"lazy\" decoding=\"async\" class=\" size-full wp-image-93474\" src=\"http:\/\/diarioregionaljf.com.br\/wp-content\/uploads\/2018\/03\/diario-int-24906-11.png\" alt=\"fotom.png\" width=\"302\" height=\"381\" style=\"display: block; margin-left: auto; margin-right: auto;\" srcset=\"https:\/\/diarioregionaldigital.com.br\/wp-content\/uploads\/2018\/03\/diario-int-24906-11.png 357w, https:\/\/diarioregionaldigital.com.br\/wp-content\/uploads\/2018\/03\/diario-int-24906-11-238x300.png 238w\" sizes=\"auto, (max-width: 302px) 100vw, 302px\" \/><\/p>\n<p style=\"text-align: center;\">Regina Mirian e Jacqueline Vianna<\/p>\n<p>&nbsp;<\/p>\n<p><img loading=\"lazy\" decoding=\"async\" class=\" size-full wp-image-93475\" src=\"http:\/\/diarioregionaljf.com.br\/wp-content\/uploads\/2018\/03\/diario-int-24906-12.png\" alt=\"foton.png\" style=\"display: block; margin-left: auto; margin-right: auto;\" width=\"350\" height=\"450\" srcset=\"https:\/\/diarioregionaldigital.com.br\/wp-content\/uploads\/2018\/03\/diario-int-24906-12.png 350w, https:\/\/diarioregionaldigital.com.br\/wp-content\/uploads\/2018\/03\/diario-int-24906-12-233x300.png 233w\" sizes=\"auto, (max-width: 350px) 100vw, 350px\" \/><\/p>\n<p style=\"text-align: center;\">Prefeito Bruno Siqueira e Danielle Camacho Siqueira e o filho Bernardo<\/p>\n<p>&nbsp;<\/p>\n<p style=\"text-align: justify;\"><img loading=\"lazy\" decoding=\"async\" class=\" size-full wp-image-93476\" src=\"http:\/\/diarioregionaljf.com.br\/wp-content\/uploads\/2018\/03\/diario-int-24906-13.jpg\" alt=\"fotoo.jpg\" width=\"495\" height=\"359\" style=\"display: block; margin-left: auto; margin-right: auto;\" srcset=\"https:\/\/diarioregionaldigital.com.br\/wp-content\/uploads\/2018\/03\/diario-int-24906-13.jpg 621w, https:\/\/diarioregionaldigital.com.br\/wp-content\/uploads\/2018\/03\/diario-int-24906-13-300x217.jpg 300w, https:\/\/diarioregionaldigital.com.br\/wp-content\/uploads\/2018\/03\/diario-int-24906-13-360x261.jpg 360w\" sizes=\"auto, (max-width: 495px) 100vw, 495px\" \/><\/p>\n<p style=\"text-align: center;\">Gente de teatro Jos\u00e9 Luiz Ribeiro e Toninho Dutra com o Superintendente da Funalfa, R\u00f4mulo Veiga<\/p>\n<p>&nbsp;<\/p>\n<p style=\"text-align: justify;\"><img loading=\"lazy\" decoding=\"async\" class=\" size-full wp-image-93477\" src=\"http:\/\/diarioregionaljf.com.br\/wp-content\/uploads\/2018\/03\/diario-int-24906-14.JPG\" alt=\"fotop.JPG\" width=\"463\" height=\"308\" style=\"display: block; margin-left: auto; margin-right: auto;\" srcset=\"https:\/\/diarioregionaldigital.com.br\/wp-content\/uploads\/2018\/03\/diario-int-24906-14.JPG 675w, https:\/\/diarioregionaldigital.com.br\/wp-content\/uploads\/2018\/03\/diario-int-24906-14-300x200.jpg 300w, https:\/\/diarioregionaldigital.com.br\/wp-content\/uploads\/2018\/03\/diario-int-24906-14-360x240.jpg 360w\" sizes=\"auto, (max-width: 463px) 100vw, 463px\" \/><\/p>\n<p style=\"text-align: center;\">Express\u00f5es vivas da sociedade de Juiz de Fora, Minas Gerais e Brasil com Carlos Bracher, Eduardo Gomes, Lucas Lorhan e Fernando Lu\u00eds Baldioti<\/p>\n<p>&nbsp;<\/p>\n<hr \/>\n<h4 style=\"text-align: center;\">&nbsp;Ele merece<\/h4>\n<p>&nbsp;<\/p>\n<p style=\"text-align: center;\">O presidente da Santa Casa, Renato Vilella Loures, est\u00e1 com tudo e n\u00e3o est\u00e1 prosa. Ele foi eleito entre os cem mais influentes da sa\u00fade em 2017 e est\u00e1 figurando, tamb\u00e9m, entre as cinco mais influentes do pa\u00eds na categoria filantropia, pelo Grupo M\u00eddia. Conhecido como o \u201cOscar da Sa\u00fade\u201d, o pr\u00eamio ser\u00e1 entregue no dia 15 de mar\u00e7o, em S\u00e3o Paulo.<\/p>\n<p>&nbsp;<\/p>\n<h4 style=\"text-align: center;\">Na pauta<\/h4>\n<p>&nbsp;<\/p>\n<p style=\"text-align: center;\">Foi retomada as reuni\u00f5es do F\u00f3rum Permanente de Desenvolvimento Econ\u00f4mico e Sustent\u00e1vel durante a semana com caf\u00e9 da manh\u00e3 no edif\u00edcio \u201cJG Corporate\u201d. A programa\u00e7\u00e3o bem diversificada incluiu uma visita \u00e0 Smart Fit, maior rede de academia da Am\u00e9rica Latina.<\/p>\n<p>&nbsp;<\/p>\n<h4 style=\"text-align: center;\">Dim-dim<\/h4>\n<p>&nbsp;<\/p>\n<p style=\"text-align: center;\">O cons\u00f3rcio liderado pelo fundo Mubadala, de Abu Dhabi, \u00e9 o favorito para a compra do Gasoduto Transportadora Associada de G\u00e1s, que a Petrobras est\u00e1 vendendo. Topa pagar R$8 bilh\u00f5es pelo neg\u00f3cio.<\/p>\n<p>&nbsp;<\/p>\n<h4 style=\"text-align: center;\">Olha elaaaa<\/h4>\n<p>&nbsp;<\/p>\n<p style=\"text-align: center;\">Din\u00e2mica e atuante, a nutricionista, cantora e fundadora do Projeto M\u00fasica Popular Nutritiva, T\u00e2nia Bicalho agora integra o Movimento \u201cBH pela inf\u00e2ncia\u201d, que reflete sobre a cidade e a crian\u00e7a, integrando o debate nas \u00e1reas de educa\u00e7\u00e3o cultura, sa\u00fade e sustentabilidade.<\/p>\n<p>&nbsp;<\/p>\n<h4 style=\"text-align: center;\">Perigo<\/h4>\n<p>&nbsp;<\/p>\n<p style=\"text-align: center;\">A investiga\u00e7\u00e3o conduzida pela Pol\u00edcia Federal sobre as amea\u00e7as que o juiz Marcelo Bretas recebeu mostrou que havia envolvimento de policiais civis nas intimida\u00e7\u00f5es.<\/p>\n<p>&nbsp;<\/p>\n<hr \/>\n<h4 style=\"text-align: center;\">FOTOSS\u00cdNTESE<\/h4>\n<p>&nbsp;<\/p>\n<ul>\n<li>A talentosa artista pl\u00e1stica Nequitz Miguel vai apresentar em S\u00e3o Paulo a exposi\u00e7\u00e3o retrospectiva A arte de Nequitz. Ser\u00e1 no per\u00edodo de 19 a 31 de mar\u00e7o, na Assembleia Legislativa do Estado de S\u00e3o Paulo.<\/li>\n<\/ul>\n<p>&nbsp;<\/p>\n<ul>\n<li>Causando sucesso as del\u00edcias gastron\u00f4micas do almo\u00e7o estrelado do S\u00e3o Bartolomeu. De sexta a domingo, das 11h \u00e0s 17h, no bat-local da Rua S\u00e3o Mateus, 41.<\/li>\n<\/ul>\n<p>&nbsp;<\/p>\n<ul>\n<li>Para o s\u00e1bado, 10, tem o show internacional Tango e Paix\u00e3o, com 12 bailarinos e cantor argentino. Ser\u00e1 \u00e0s 21h, no Cine-Theatro Central.<\/li>\n<\/ul>\n<p>&nbsp;<\/p>\n<ul>\n<li>O calend\u00e1rio aponta o dia 28 de abril, \u00e0s 21h, no teatro Solar, para o aplaudid\u00edssimo Stand Up Comedy com Matheus Cear\u00e1. In\u00e9dito pra quem nunca viu.<\/li>\n<\/ul>\n<p>&nbsp;<\/p>\n<ul>\n<li>Vai ser no dia 18, a terceira edi\u00e7\u00e3o do Passeio Cicl\u00edstico Unimed. As inscri\u00e7\u00f5es est\u00e3o abertas e a largada ser\u00e1 em frente ao novo hospital no Salvaterra.<\/li>\n<\/ul>\n<p>&nbsp;<\/p>\n<ul>\n<li>Quem completou 50 anos feliz da vida foi o camarada gente boa, Marcus Vin\u00edcius (Fub\u00e1) Gasparetto Piazzi.<\/li>\n<\/ul>\n<p>&nbsp;<\/p>\n<ul>\n<li>O deputado Noraldino J\u00fanior foi homenageado no 2\u00ba Batalh\u00e3o de Pol\u00edcia Militar, pela contribui\u00e7\u00e3o na reforma do gin\u00e1sio poliesportivo do batalh\u00e3o, em Santa Terezinha.<\/li>\n<\/ul>\n<p>&nbsp;<\/p>\n<ul>\n<li>Bonita e inteligente, a advogada Carla Marques, do Procon em Juiz de Fora, tomou posse na presid\u00eancia do Conselho dos Consumidores da Tim, durante reuni\u00e3o na sede da empresa, no Rio.<\/li>\n<\/ul>\n<p>&nbsp;<\/p>\n<ul>\n<li>Dedicada \u00e0s artes, a professora Gisely Corr\u00eaa inaugurou o Classique Est\u00fadio de Ballet, na Galeria Constan\u00e7a Valadares.<\/li>\n<\/ul>\n<p>&nbsp;<\/p>\n<ul>\n<li>A estrelinha Gigi Fonseca agendou para 5 de maio, no Capit\u00f3lio, o Bazar Ceprom, com grandes marcas e muitos influenciadores.<\/li>\n<\/ul>\n<p>&nbsp;<\/p>\n<ul>\n<li>Para alertar: Em tempo de jacar\u00e9, n\u00e3o se brinca de Peter Pan. Bom final de semana.<\/li>\n<\/ul>\n","protected":false},"excerpt":{"rendered":"<p>Inaugura\u00e7\u00e3o Reunindo v\u00e1rios segmentos da sociedade de Juiz de Fora e mineira, foi inaugurado o Teatro Paschoal Carlos Magno em grande estilo cultural. A obra iniciada h\u00e1 cerca de 40 anos pelo prefeito Mello Reis e entregue em noite memor\u00e1vel no dia 2 de mar\u00e7o pelo prefeito Bruno Siqueira numa parceria do Munic\u00edpio com o [&hellip;]<\/p>\n","protected":false},"author":96,"featured_media":93463,"comment_status":"closed","ping_status":"closed","sticky":false,"template":"","format":"standard","meta":{"footnotes":""},"categories":[264],"tags":[],"class_list":["post-93478","post","type-post","status-publish","format-standard","has-post-thumbnail","hentry","category-eduardo-gomes"],"_links":{"self":[{"href":"https:\/\/diarioregionaldigital.com.br\/index.php?rest_route=\/wp\/v2\/posts\/93478","targetHints":{"allow":["GET"]}}],"collection":[{"href":"https:\/\/diarioregionaldigital.com.br\/index.php?rest_route=\/wp\/v2\/posts"}],"about":[{"href":"https:\/\/diarioregionaldigital.com.br\/index.php?rest_route=\/wp\/v2\/types\/post"}],"author":[{"embeddable":true,"href":"https:\/\/diarioregionaldigital.com.br\/index.php?rest_route=\/wp\/v2\/users\/96"}],"replies":[{"embeddable":true,"href":"https:\/\/diarioregionaldigital.com.br\/index.php?rest_route=%2Fwp%2Fv2%2Fcomments&post=93478"}],"version-history":[{"count":0,"href":"https:\/\/diarioregionaldigital.com.br\/index.php?rest_route=\/wp\/v2\/posts\/93478\/revisions"}],"wp:featuredmedia":[{"embeddable":true,"href":"https:\/\/diarioregionaldigital.com.br\/index.php?rest_route=\/wp\/v2\/media\/93463"}],"wp:attachment":[{"href":"https:\/\/diarioregionaldigital.com.br\/index.php?rest_route=%2Fwp%2Fv2%2Fmedia&parent=93478"}],"wp:term":[{"taxonomy":"category","embeddable":true,"href":"https:\/\/diarioregionaldigital.com.br\/index.php?rest_route=%2Fwp%2Fv2%2Fcategories&post=93478"},{"taxonomy":"post_tag","embeddable":true,"href":"https:\/\/diarioregionaldigital.com.br\/index.php?rest_route=%2Fwp%2Fv2%2Ftags&post=93478"}],"curies":[{"name":"wp","href":"https:\/\/api.w.org\/{rel}","templated":true}]}}