{"id":93460,"date":"2018-03-09T00:11:15","date_gmt":"2018-03-09T03:11:15","guid":{"rendered":"http:\/\/diarioregionaljf.com.br\/2018\/03\/09\/julio-cesar-reestreia-com-a-camisa-do-flamengo-apos-13-anos-e-comeca-a-escrever-sua-ultima-fase-como-jogador\/"},"modified":"2018-03-09T00:11:15","modified_gmt":"2018-03-09T03:11:15","slug":"julio-cesar-reestreia-com-a-camisa-do-flamengo-apos-13-anos-e-comeca-a-escrever-sua-ultima-fase-como-jogador","status":"publish","type":"post","link":"https:\/\/diarioregionaldigital.com.br\/?p=93460","title":{"rendered":"J\u00falio C\u00e9sar reestreia com a camisa do Flamengo ap\u00f3s 13 anos e come\u00e7a a escrever sua ultima fase como jogador"},"content":{"rendered":"<p>Boa Vista e Flamengo fizeram a 4\u00aa Rodada da Ta\u00e7a Rio na noite dessa quarta-feira, 7, no Est\u00e1dio Raulino de Oliveira, em Volta Redonda. O Flamengo derrotou o Boavista por 3 a 0, com gols de Rodinei, Diego e Paquet\u00e1 &#8211; os dois \u00faltimos de falta. Mas, J\u00falio Cesar, foi o grande personagem da noite, teve sua reestreia sem sustos pelo clube que o revelou e do qual \u00e9 torcedor. Ap\u00f3s 13 anos e tr\u00eas meses depois.<\/p>\n<p>Com a vit\u00f3ria, o rubro-negro da G\u00e1vea reassumiu a lideran\u00e7a do Grupo B com nove pontos ganhos, dois a mais do que o&nbsp;Vasco, que ocupa a segunda coloca\u00e7\u00e3o. O Boavista segue com seis pontos, na quarta coloca\u00e7\u00e3o do Grupo C.<\/p>\n<p>J\u00falio Cesar voltou a vestir a camisa do Flamengo e come\u00e7ou a contar o \u00faltimo cap\u00edtulo de sua hist\u00f3ria como jogador de futebol.<\/p>\n<p>Na chegada ao est\u00e1dio, ansiedade. J\u00falio Cesar admitiu que estava nervoso por voltar vestir a camisa e reencontrar a torcida do Flamengo.&nbsp;No vesti\u00e1rio, a surpresa. Amigos desde as categorias de base e companheiro em duas Copas da Mundo, Juan o chamou e o entregou a bra\u00e7adeira de capit\u00e3o.<\/p>\n<p>Sua atua\u00e7\u00e3o na primeira etapa se resumiu em um tiro de meta, duas reposi\u00e7\u00f5es com a m\u00e3o e um passe curto para o lateral-esquerdo Ren\u00ea. Depois do intervalo, J\u00falio seguiu tranquilo. Cortou bem um cruzamento e defendeu uma falta de Renan Donizete. Reestreia tranquila .<\/p>\n<p>Na sa\u00edda do est\u00e1dio, J\u00falio Cesar, ainda um pouco emocionado, falou sobre a alegria de voltar a vestir a camisa do Flamengo. Ele afirmou que quer sair com o t\u00edtulo Carioca, reiterou a aposentadoria ap\u00f3s os tr\u00eas meses de contrato, mas, em tom de brincadeira e com um sorriso no rosto, deixou o futuro em aberto.<\/p>\n<p>&#8211; Cheguei ao Flamengo aos 12 anos. O Flamengo faz parte da minha forma\u00e7\u00e3o como atleta, como homem. Acabei n\u00e3o ficando por problemas extracampo, tive uma carreira brilhante l\u00e1 fora e voltei. Acho que eu merecia esse retorno por tudo o que o Flamengo fez por mim. Encontrei um Flamengo totalmente diferente, estruturado, mas profissional. A cobran\u00e7a aumenta.<\/p>\n<p>Quero curtir cada momento e me despedir com o Campeonato Carioca. Meu pr\u00f3ximo jogo eu n\u00e3o sei. Agora \u00e9 dia ap\u00f3s dia, e o futuro a Deus pertence.<\/p>\n","protected":false},"excerpt":{"rendered":"<p>Boa Vista e Flamengo fizeram a 4\u00aa Rodada da Ta\u00e7a Rio na noite dessa quarta-feira, 7, no Est\u00e1dio Raulino de Oliveira, em Volta Redonda. O Flamengo derrotou o Boavista por 3 a 0, com gols de Rodinei, Diego e Paquet\u00e1 &#8211; os dois \u00faltimos de falta. Mas, J\u00falio Cesar, foi o grande personagem da noite, [&hellip;]<\/p>\n","protected":false},"author":96,"featured_media":93459,"comment_status":"closed","ping_status":"closed","sticky":false,"template":"","format":"standard","meta":{"footnotes":""},"categories":[257],"tags":[],"class_list":["post-93460","post","type-post","status-publish","format-standard","has-post-thumbnail","hentry","category-esporte"],"_links":{"self":[{"href":"https:\/\/diarioregionaldigital.com.br\/index.php?rest_route=\/wp\/v2\/posts\/93460","targetHints":{"allow":["GET"]}}],"collection":[{"href":"https:\/\/diarioregionaldigital.com.br\/index.php?rest_route=\/wp\/v2\/posts"}],"about":[{"href":"https:\/\/diarioregionaldigital.com.br\/index.php?rest_route=\/wp\/v2\/types\/post"}],"author":[{"embeddable":true,"href":"https:\/\/diarioregionaldigital.com.br\/index.php?rest_route=\/wp\/v2\/users\/96"}],"replies":[{"embeddable":true,"href":"https:\/\/diarioregionaldigital.com.br\/index.php?rest_route=%2Fwp%2Fv2%2Fcomments&post=93460"}],"version-history":[{"count":0,"href":"https:\/\/diarioregionaldigital.com.br\/index.php?rest_route=\/wp\/v2\/posts\/93460\/revisions"}],"wp:featuredmedia":[{"embeddable":true,"href":"https:\/\/diarioregionaldigital.com.br\/index.php?rest_route=\/wp\/v2\/media\/93459"}],"wp:attachment":[{"href":"https:\/\/diarioregionaldigital.com.br\/index.php?rest_route=%2Fwp%2Fv2%2Fmedia&parent=93460"}],"wp:term":[{"taxonomy":"category","embeddable":true,"href":"https:\/\/diarioregionaldigital.com.br\/index.php?rest_route=%2Fwp%2Fv2%2Fcategories&post=93460"},{"taxonomy":"post_tag","embeddable":true,"href":"https:\/\/diarioregionaldigital.com.br\/index.php?rest_route=%2Fwp%2Fv2%2Ftags&post=93460"}],"curies":[{"name":"wp","href":"https:\/\/api.w.org\/{rel}","templated":true}]}}