{"id":93458,"date":"2018-03-09T00:08:22","date_gmt":"2018-03-09T03:08:22","guid":{"rendered":"http:\/\/diarioregionaljf.com.br\/2018\/03\/09\/buracos-nas-vias-causam-transtornos-para-moradores-do-grajau\/"},"modified":"2018-03-09T00:08:22","modified_gmt":"2018-03-09T03:08:22","slug":"buracos-nas-vias-causam-transtornos-para-moradores-do-grajau","status":"publish","type":"post","link":"https:\/\/diarioregionaldigital.com.br\/?p=93458","title":{"rendered":"Buracos nas vias causam transtornos para moradores do Graja\u00fa"},"content":{"rendered":"<p>Buracos, remendos e mais buracos. Esse \u00e9 o cen\u00e1rio das Ruas Isabel Pierre Feital e Nossa Senhora do L\u00edbano, na vis\u00e3o dos moradores do Bairro Graja\u00fa, na zona Leste da cidade. Eles afirmam que os reparos chegam a ser realizados pela Prefeitura, mas s\u00e3o insuficientes e n\u00e3o impedem que o problema retorne \u00e0s vias do bairro.<\/p>\n<p>\u201cA Rua Isabel Pierre Feital j\u00e1 convive com essa situa\u00e7\u00e3o h\u00e1 mais de um m\u00eas. O buraco foi fechado pela Prefeitura, por\u00e9m, dois dias depois, ele reabriu, e, desde ent\u00e3o, ningu\u00e9m veio arrumar. Os moradores est\u00e3o com medo de passar na cal\u00e7ada e s\u00e3o obrigados a se deslocar pelo centro da via, o que pode ocasionar algum acidente. Sem falar que neste intervalo, dois ve\u00edculos j\u00e1 \u2018ca\u00edram\u2019 na cratera\u201d, relata o jornalista Leonardo Bonoto.<\/p>\n<p>O problema na Rua Nossa Senhora do L\u00edbano \u00e9 ainda mais antigo e obrigou os moradores a sinalizarem o local com entulhos para garantir visibilidade a quem trafega na pista. \u201cJ\u00e1 tem seis meses. Inclusive, outro buraco est\u00e1 se formando mais acima. Por l\u00e1, passam \u00f4nibus, caminh\u00f5es de lixo, carros, pedestres, \u00e9 uma situa\u00e7\u00e3o desesperadora\u201d, disse.<\/p>\n<p>Segundo Bonoto, a situa\u00e7\u00e3o da rua se agrava devido \u00e0s chuvas. \u201cOs buracos enchem de \u00e1gua e os condutores n\u00e3o podem ver a profundidade e correm riscos de acidente. O que mais chateia a popula\u00e7\u00e3o \u00e9 que a Prefeitura n\u00e3o apresenta uma solu\u00e7\u00e3o\u201d, reclama.<\/p>\n<h4>&nbsp;<\/h4>\n<h4>OUTRO LADO<\/h4>\n<p>Em nota, a Secretaria de Obras (SO) da Prefeitura de Juiz de Fora (PJF) informou que vai enviar uma equipe para vistoriar a situa\u00e7\u00e3o da Rua Isabel Pierre Feital. Quanto \u00e0 Rua Nossa Senhora do L\u00edbano, a pasta afirma que \u00e9&nbsp;necess\u00e1rio a realiza\u00e7\u00e3o de troca da rede de drenagem para a&nbsp;solu\u00e7\u00e3o definitiva do problema. \u201cPor isso, a pasta aguarda recursos&nbsp;externos para a execu\u00e7\u00e3o da interven\u00e7\u00e3o\u201d, complementa a nota.<\/p>\n","protected":false},"excerpt":{"rendered":"<p>Buracos, remendos e mais buracos. Esse \u00e9 o cen\u00e1rio das Ruas Isabel Pierre Feital e Nossa Senhora do L\u00edbano, na vis\u00e3o dos moradores do Bairro Graja\u00fa, na zona Leste da cidade. Eles afirmam que os reparos chegam a ser realizados pela Prefeitura, mas s\u00e3o insuficientes e n\u00e3o impedem que o problema retorne \u00e0s vias do [&hellip;]<\/p>\n","protected":false},"author":96,"featured_media":93457,"comment_status":"closed","ping_status":"closed","sticky":false,"template":"","format":"standard","meta":{"footnotes":""},"categories":[253],"tags":[],"class_list":["post-93458","post","type-post","status-publish","format-standard","has-post-thumbnail","hentry","category-cidade"],"_links":{"self":[{"href":"https:\/\/diarioregionaldigital.com.br\/index.php?rest_route=\/wp\/v2\/posts\/93458","targetHints":{"allow":["GET"]}}],"collection":[{"href":"https:\/\/diarioregionaldigital.com.br\/index.php?rest_route=\/wp\/v2\/posts"}],"about":[{"href":"https:\/\/diarioregionaldigital.com.br\/index.php?rest_route=\/wp\/v2\/types\/post"}],"author":[{"embeddable":true,"href":"https:\/\/diarioregionaldigital.com.br\/index.php?rest_route=\/wp\/v2\/users\/96"}],"replies":[{"embeddable":true,"href":"https:\/\/diarioregionaldigital.com.br\/index.php?rest_route=%2Fwp%2Fv2%2Fcomments&post=93458"}],"version-history":[{"count":0,"href":"https:\/\/diarioregionaldigital.com.br\/index.php?rest_route=\/wp\/v2\/posts\/93458\/revisions"}],"wp:featuredmedia":[{"embeddable":true,"href":"https:\/\/diarioregionaldigital.com.br\/index.php?rest_route=\/wp\/v2\/media\/93457"}],"wp:attachment":[{"href":"https:\/\/diarioregionaldigital.com.br\/index.php?rest_route=%2Fwp%2Fv2%2Fmedia&parent=93458"}],"wp:term":[{"taxonomy":"category","embeddable":true,"href":"https:\/\/diarioregionaldigital.com.br\/index.php?rest_route=%2Fwp%2Fv2%2Fcategories&post=93458"},{"taxonomy":"post_tag","embeddable":true,"href":"https:\/\/diarioregionaldigital.com.br\/index.php?rest_route=%2Fwp%2Fv2%2Ftags&post=93458"}],"curies":[{"name":"wp","href":"https:\/\/api.w.org\/{rel}","templated":true}]}}