{"id":93456,"date":"2018-03-09T00:06:02","date_gmt":"2018-03-09T03:06:02","guid":{"rendered":"http:\/\/diarioregionaljf.com.br\/2018\/03\/09\/indice-antecedente-de-emprego-sinaliza-possivel-aceleracao\/"},"modified":"2018-03-09T00:06:02","modified_gmt":"2018-03-09T03:06:02","slug":"indice-antecedente-de-emprego-sinaliza-possivel-aceleracao","status":"publish","type":"post","link":"https:\/\/diarioregionaldigital.com.br\/?p=93456","title":{"rendered":"\u00cdndice Antecedente de Emprego sinaliza poss\u00edvel acelera\u00e7\u00e3o"},"content":{"rendered":"<p>O Indicador Antecedente de Emprego (IAEmp) aumentou 1,9 ponto em fevereiro e, na an\u00e1lise da Funda\u00e7\u00e3o Get\u00falio Vargas, esse movimento sinaliza uma poss\u00edvel acelera\u00e7\u00e3o na recupera\u00e7\u00e3o do mercado de trabalho nos pr\u00f3ximos meses. O \u00edndice foi divulgado hoje, 8, pela funda\u00e7\u00e3o e atingiu o maior n\u00edvel de sua s\u00e9rie hist\u00f3rica, com 109,6 pontos.<\/p>\n<p>O resultado foi influenciado pela alta de seis dos sete indicadores que comp\u00f5em o IAEmp. Destacaram-se os indicadores que medem a situa\u00e7\u00e3o atual dos neg\u00f3cios no setor de Servi\u00e7os e na Ind\u00fastria de Transforma\u00e7\u00e3o.<\/p>\n<p>Tamb\u00e9m foi divulgado hoje pela FGV o Indicador Coincidente de Desemprego (ICD), que ficou relativamente est\u00e1vel em fevereiro, com varia\u00e7\u00e3o de 0,4 ponto.&nbsp;Para o economista Fernando de Holanda Barbosa Filho, o indicador reflete a elevada taxa de desemprego do pa\u00eds e, apesar da previs\u00e3o de gera\u00e7\u00e3o de vagas, a expectativa \u00e9 que a taxa de desemprego permane\u00e7a em n\u00edveis elevados.<\/p>\n<p>Entre os consumidores que foram ouvidos na pesquisa que comp\u00f4s o ICD, os com renda familiar mensal entre R$2,1 mil e R$4,8 mil foram os que mais influenciaram o resultado com a melhora de sua percep\u00e7\u00e3o.<\/p>\n<hr \/>\n<p>&nbsp;Fonte: Ag\u00eancia Brasil<\/p>\n","protected":false},"excerpt":{"rendered":"<p>O Indicador Antecedente de Emprego (IAEmp) aumentou 1,9 ponto em fevereiro e, na an\u00e1lise da Funda\u00e7\u00e3o Get\u00falio Vargas, esse movimento sinaliza uma poss\u00edvel acelera\u00e7\u00e3o na recupera\u00e7\u00e3o do mercado de trabalho nos pr\u00f3ximos meses. O \u00edndice foi divulgado hoje, 8, pela funda\u00e7\u00e3o e atingiu o maior n\u00edvel de sua s\u00e9rie hist\u00f3rica, com 109,6 pontos. O resultado [&hellip;]<\/p>\n","protected":false},"author":96,"featured_media":93455,"comment_status":"closed","ping_status":"closed","sticky":false,"template":"","format":"standard","meta":{"footnotes":""},"categories":[261],"tags":[],"class_list":["post-93456","post","type-post","status-publish","format-standard","has-post-thumbnail","hentry","category-economia"],"_links":{"self":[{"href":"https:\/\/diarioregionaldigital.com.br\/index.php?rest_route=\/wp\/v2\/posts\/93456","targetHints":{"allow":["GET"]}}],"collection":[{"href":"https:\/\/diarioregionaldigital.com.br\/index.php?rest_route=\/wp\/v2\/posts"}],"about":[{"href":"https:\/\/diarioregionaldigital.com.br\/index.php?rest_route=\/wp\/v2\/types\/post"}],"author":[{"embeddable":true,"href":"https:\/\/diarioregionaldigital.com.br\/index.php?rest_route=\/wp\/v2\/users\/96"}],"replies":[{"embeddable":true,"href":"https:\/\/diarioregionaldigital.com.br\/index.php?rest_route=%2Fwp%2Fv2%2Fcomments&post=93456"}],"version-history":[{"count":0,"href":"https:\/\/diarioregionaldigital.com.br\/index.php?rest_route=\/wp\/v2\/posts\/93456\/revisions"}],"wp:featuredmedia":[{"embeddable":true,"href":"https:\/\/diarioregionaldigital.com.br\/index.php?rest_route=\/wp\/v2\/media\/93455"}],"wp:attachment":[{"href":"https:\/\/diarioregionaldigital.com.br\/index.php?rest_route=%2Fwp%2Fv2%2Fmedia&parent=93456"}],"wp:term":[{"taxonomy":"category","embeddable":true,"href":"https:\/\/diarioregionaldigital.com.br\/index.php?rest_route=%2Fwp%2Fv2%2Fcategories&post=93456"},{"taxonomy":"post_tag","embeddable":true,"href":"https:\/\/diarioregionaldigital.com.br\/index.php?rest_route=%2Fwp%2Fv2%2Ftags&post=93456"}],"curies":[{"name":"wp","href":"https:\/\/api.w.org\/{rel}","templated":true}]}}