{"id":93446,"date":"2018-03-08T23:57:43","date_gmt":"2018-03-09T02:57:43","guid":{"rendered":"http:\/\/diarioregionaljf.com.br\/2018\/03\/08\/ministerio-da-agricultura-fecha-laboratorios-em-operacao-conjunta-com-a-pf\/"},"modified":"2018-03-08T23:57:43","modified_gmt":"2018-03-09T02:57:43","slug":"ministerio-da-agricultura-fecha-laboratorios-em-operacao-conjunta-com-a-pf","status":"publish","type":"post","link":"https:\/\/diarioregionaldigital.com.br\/?p=93446","title":{"rendered":"Minist\u00e9rio da Agricultura fecha laborat\u00f3rios em opera\u00e7\u00e3o conjunta com a PF"},"content":{"rendered":"<p>Com o apoio do Minist\u00e9rio da Agricultura, Pecu\u00e1ria e Abastecimento, a Pol\u00edcia Federal deflagrou uma opera\u00e7\u00e3o para combater fraudes na emiss\u00e3o de resultados de an\u00e1lises laboratoriais. Batizada de Opera\u00e7\u00e3o Trapa\u00e7a, a a\u00e7\u00e3o investigou poss\u00edveis irregularidades na emiss\u00e3o de laudos por alguns laborat\u00f3rios. Esses locais eram respons\u00e1veis pela an\u00e1lise de produtos que s\u00e3o colocados \u00e0 venda para os consumidores.<\/p>\n<p>Em nota, o minist\u00e9rio explicou que tem uma equipe especializada de auditoria, que atua em conjunto com a Pol\u00edcia Federal. \u201cAs empresas investigadas burlavam a fiscaliza\u00e7\u00e3o preparando amostras, atrav\u00e9s dos laborat\u00f3rios investigados, com o objetivo de esconder a condi\u00e7\u00e3o sanit\u00e1ria dos lotes de animais e de produtos, evitando, assim, uma medida corretiva restritiva do Servi\u00e7o Oficial\u201d, diz o comunicado do minist\u00e9rio.<\/p>\n<p>A pasta informou, ainda, que os laborat\u00f3rios envolvidos em fraudes foram exclu\u00eddos do processo de exporta\u00e7\u00e3o para os doze pa\u00edses que exigiram requisitos sanit\u00e1rios espec\u00edficos de controle. O minist\u00e9rio tamb\u00e9m divulgou uma lista com cinco medidas. S\u00e3o elas:<\/p>\n<p>\u2022 Suspens\u00e3o do credenciamento dos laborat\u00f3rios alvo da opera\u00e7\u00e3o, at\u00e9 finaliza\u00e7\u00e3o dos procedimentos de investiga\u00e7\u00e3o, que poder\u00e3o resultar no cancelamento definitivo do credenciamento;<\/p>\n<p>\u2022 Suspens\u00e3o dos estabelecimentos envolvidos para exportar a pa\u00edses que exigem requisitos sanit\u00e1rios espec\u00edficos de controle e tipifica\u00e7\u00e3o de Salmonella spp;<\/p>\n<p>\u2022 Implementa\u00e7\u00e3o de medidas complementares de fiscaliza\u00e7\u00e3o, com aumento de frequ\u00eancia de amostragem para as empresas envolvidas, at\u00e9 o final do processo de investiga\u00e7\u00e3o;<\/p>\n<p>\u2022 Implementa\u00e7\u00e3o pela Secretaria de Defesa Agropecu\u00e1ria (DAS) de novos modelos de controle de laborat\u00f3rios credenciados visando \u00e0 redu\u00e7\u00e3o de fraudes;<\/p>\n<p>\u2022 Aprimoramento de ferramentas de combate a fraudes em alimentos, como tamb\u00e9m continuidade de a\u00e7\u00f5es j\u00e1 desempenhadas pelo Servi\u00e7o de Inspe\u00e7\u00e3o Federal, possibilitando redu\u00e7\u00e3o de n\u00e3o conformidades a curto e m\u00e9dio prazo.<\/p>\n<hr \/>\n<p>&nbsp;<\/p>\n","protected":false},"excerpt":{"rendered":"<p>Com o apoio do Minist\u00e9rio da Agricultura, Pecu\u00e1ria e Abastecimento, a Pol\u00edcia Federal deflagrou uma opera\u00e7\u00e3o para combater fraudes na emiss\u00e3o de resultados de an\u00e1lises laboratoriais. Batizada de Opera\u00e7\u00e3o Trapa\u00e7a, a a\u00e7\u00e3o investigou poss\u00edveis irregularidades na emiss\u00e3o de laudos por alguns laborat\u00f3rios. Esses locais eram respons\u00e1veis pela an\u00e1lise de produtos que s\u00e3o colocados \u00e0 venda [&hellip;]<\/p>\n","protected":false},"author":96,"featured_media":93445,"comment_status":"closed","ping_status":"closed","sticky":false,"template":"","format":"standard","meta":{"footnotes":""},"categories":[261],"tags":[],"class_list":["post-93446","post","type-post","status-publish","format-standard","has-post-thumbnail","hentry","category-economia"],"_links":{"self":[{"href":"https:\/\/diarioregionaldigital.com.br\/index.php?rest_route=\/wp\/v2\/posts\/93446","targetHints":{"allow":["GET"]}}],"collection":[{"href":"https:\/\/diarioregionaldigital.com.br\/index.php?rest_route=\/wp\/v2\/posts"}],"about":[{"href":"https:\/\/diarioregionaldigital.com.br\/index.php?rest_route=\/wp\/v2\/types\/post"}],"author":[{"embeddable":true,"href":"https:\/\/diarioregionaldigital.com.br\/index.php?rest_route=\/wp\/v2\/users\/96"}],"replies":[{"embeddable":true,"href":"https:\/\/diarioregionaldigital.com.br\/index.php?rest_route=%2Fwp%2Fv2%2Fcomments&post=93446"}],"version-history":[{"count":0,"href":"https:\/\/diarioregionaldigital.com.br\/index.php?rest_route=\/wp\/v2\/posts\/93446\/revisions"}],"wp:featuredmedia":[{"embeddable":true,"href":"https:\/\/diarioregionaldigital.com.br\/index.php?rest_route=\/wp\/v2\/media\/93445"}],"wp:attachment":[{"href":"https:\/\/diarioregionaldigital.com.br\/index.php?rest_route=%2Fwp%2Fv2%2Fmedia&parent=93446"}],"wp:term":[{"taxonomy":"category","embeddable":true,"href":"https:\/\/diarioregionaldigital.com.br\/index.php?rest_route=%2Fwp%2Fv2%2Fcategories&post=93446"},{"taxonomy":"post_tag","embeddable":true,"href":"https:\/\/diarioregionaldigital.com.br\/index.php?rest_route=%2Fwp%2Fv2%2Ftags&post=93446"}],"curies":[{"name":"wp","href":"https:\/\/api.w.org\/{rel}","templated":true}]}}