{"id":93444,"date":"2018-03-08T23:54:28","date_gmt":"2018-03-09T02:54:28","guid":{"rendered":"http:\/\/diarioregionaljf.com.br\/2018\/03\/08\/dolar-fecha-no-maior-valor-em-um-mes-em-dia-de-elevacao-da-tarifa-do-aco\/"},"modified":"2018-03-08T23:54:28","modified_gmt":"2018-03-09T02:54:28","slug":"dolar-fecha-no-maior-valor-em-um-mes-em-dia-de-elevacao-da-tarifa-do-aco","status":"publish","type":"post","link":"https:\/\/diarioregionaldigital.com.br\/?p=93444","title":{"rendered":"D\u00f3lar fecha no maior valor em um m\u00eas em dia de eleva\u00e7\u00e3o da tarifa do a\u00e7o"},"content":{"rendered":"<p>Em meio a incertezas criadas pela eleva\u00e7\u00e3o da tarifa das importa\u00e7\u00f5es norte-americanas de a\u00e7o e de alum\u00ednio, a moeda norte-americana fechou no maior valor em um m\u00eas. O d\u00f3lar comercial encerrou a \u00faltima quinta-feira, 8, vendido a R$3,265, com alta de R$0,02 (0,63%). A cota\u00e7\u00e3o est\u00e1 no maior valor desde 9 de fevereiro (R$3,302).<\/p>\n<p>Esse foi o segundo dia de alta da divisa. A cota\u00e7\u00e3o operou pr\u00f3xima da estabilidade durante a manh\u00e3, mas acelerou a alta durante a tarde. No fim da tarde, o presidente Donald Trump assinou a eleva\u00e7\u00e3o em 25% das tarifas para o a\u00e7o e em 10% para o alum\u00ednio. O Canad\u00e1 e o M\u00e9xico ficaram de fora da medida, mas pa\u00edses aliados dos Estados Unidos, como o Brasil, poder\u00e3o negociar a isen\u00e7\u00e3o.<\/p>\n<p>No mercado de a\u00e7\u00f5es, o dia foi de ajustes. O \u00edndice Ibovespa, da Bolsa de Valores de S\u00e3o Paulo, encerrou a sess\u00e3o com queda de 0,58%, aos 84.965 pontos. Esse foi o terceiro dia seguido de recuo no indicador.<\/p>\n<hr \/>\n<p>&nbsp;Fonte: Ag\u00eancia Brasil<\/p>\n","protected":false},"excerpt":{"rendered":"<p>Em meio a incertezas criadas pela eleva\u00e7\u00e3o da tarifa das importa\u00e7\u00f5es norte-americanas de a\u00e7o e de alum\u00ednio, a moeda norte-americana fechou no maior valor em um m\u00eas. O d\u00f3lar comercial encerrou a \u00faltima quinta-feira, 8, vendido a R$3,265, com alta de R$0,02 (0,63%). A cota\u00e7\u00e3o est\u00e1 no maior valor desde 9 de fevereiro (R$3,302). Esse [&hellip;]<\/p>\n","protected":false},"author":96,"featured_media":93443,"comment_status":"closed","ping_status":"closed","sticky":false,"template":"","format":"standard","meta":{"footnotes":""},"categories":[261],"tags":[],"class_list":["post-93444","post","type-post","status-publish","format-standard","has-post-thumbnail","hentry","category-economia"],"_links":{"self":[{"href":"https:\/\/diarioregionaldigital.com.br\/index.php?rest_route=\/wp\/v2\/posts\/93444","targetHints":{"allow":["GET"]}}],"collection":[{"href":"https:\/\/diarioregionaldigital.com.br\/index.php?rest_route=\/wp\/v2\/posts"}],"about":[{"href":"https:\/\/diarioregionaldigital.com.br\/index.php?rest_route=\/wp\/v2\/types\/post"}],"author":[{"embeddable":true,"href":"https:\/\/diarioregionaldigital.com.br\/index.php?rest_route=\/wp\/v2\/users\/96"}],"replies":[{"embeddable":true,"href":"https:\/\/diarioregionaldigital.com.br\/index.php?rest_route=%2Fwp%2Fv2%2Fcomments&post=93444"}],"version-history":[{"count":0,"href":"https:\/\/diarioregionaldigital.com.br\/index.php?rest_route=\/wp\/v2\/posts\/93444\/revisions"}],"wp:featuredmedia":[{"embeddable":true,"href":"https:\/\/diarioregionaldigital.com.br\/index.php?rest_route=\/wp\/v2\/media\/93443"}],"wp:attachment":[{"href":"https:\/\/diarioregionaldigital.com.br\/index.php?rest_route=%2Fwp%2Fv2%2Fmedia&parent=93444"}],"wp:term":[{"taxonomy":"category","embeddable":true,"href":"https:\/\/diarioregionaldigital.com.br\/index.php?rest_route=%2Fwp%2Fv2%2Fcategories&post=93444"},{"taxonomy":"post_tag","embeddable":true,"href":"https:\/\/diarioregionaldigital.com.br\/index.php?rest_route=%2Fwp%2Fv2%2Ftags&post=93444"}],"curies":[{"name":"wp","href":"https:\/\/api.w.org\/{rel}","templated":true}]}}