{"id":93442,"date":"2018-03-08T23:34:58","date_gmt":"2018-03-09T02:34:58","guid":{"rendered":"http:\/\/diarioregionaljf.com.br\/2018\/03\/08\/deputado-federal-rodrigo-pacheco-confirma-candidatura-a-governador-do-estado\/"},"modified":"2018-03-08T23:34:58","modified_gmt":"2018-03-09T02:34:58","slug":"deputado-federal-rodrigo-pacheco-confirma-candidatura-a-governador-do-estado","status":"publish","type":"post","link":"https:\/\/diarioregionaldigital.com.br\/?p=93442","title":{"rendered":"Deputado federal Rodrigo Pacheco confirma candidatura a governador do Estado"},"content":{"rendered":"<p>O deputado federal e presidente da Comiss\u00e3o de Constitui\u00e7\u00e3o e Justi\u00e7a (CCJ) da C\u00e2mara dos Deputados, Rodrigo Pacheco (MDB), recebe na tarde desta sexta-feira, 9, o T\u00edtulo de Cidad\u00e3o Honor\u00e1rio de Juiz de Fora. O t\u00edtulo foi concedido a pedido do vereador Ant\u00f4nio Aguiar (MDB) e ser\u00e1 entregue durante cerim\u00f4nia na C\u00e2mara Municipal.<\/p>\n<p>\u201cEu recebi com bastante alegria essa indica\u00e7\u00e3o ao t\u00edtulo de cidad\u00e3o honor\u00e1rio, dedicado pelo vereador Ant\u00f4nio Aguiar. Fui o deputado do MDB mais bem votado em Juiz de Fora e tenho boas rela\u00e7\u00f5es na cidade, al\u00e9m do vereador, com o prefeito, com o deputado J\u00falio Delgado e com os deputados estaduais. Guardo com o munic\u00edpio uma rela\u00e7\u00e3o de afinidade e respeito. Naturalmente, recebo essa homenagem interpretando tamb\u00e9m como reconhecimento da minha atividade no \u00e2mbito nacional\u201d, contou o parlamentar.<\/p>\n<p>Aos 41 anos, o advogado, em seu primeiro mandato na C\u00e2mara dos Deputados, \u00e9 o presidente do mais importante colegiado da Casa, pelo qual passam, necessariamente, todos os projetos legislativos. \u201cO primeiro desafio era em raz\u00e3o do fato de que, pela primeira vez na hist\u00f3ria, um deputado em seu primeiro mandato assumiu a presid\u00eancia da CCJ. Em segundo, foi por ter sido eleito por unanimidade de votos dos membros da Comiss\u00e3o, de partidos oposicionistas e da base. E, por \u00faltimo, conseguir estabelecer no colegiado um ambiente de produ\u00e7\u00e3o legislativa. Ao final do meu mandato, consegui ter um balan\u00e7o positivo, com uma produ\u00e7\u00e3o muito significativa de proposi\u00e7\u00f5es legislativas aprovadas. Foram desafios que foram surgindo ao longo do tempo e conseguimos felizmente venc\u00ea-los\u201d, ressaltou o deputado sobre os desafios enfrentados \u00e0 frente da comiss\u00e3o ao longo do ano passado.<\/p>\n<p>Conforme o site do parlamentar, em 2017, foram aprovados mais de 450 proposi\u00e7\u00f5es, projetos de lei, propostas de emendas parlamentares e decretos legislativos na Comiss\u00e3o, dentre eles, sobre as elei\u00e7\u00f5es diretas, o fim do foro privilegiado e inclus\u00e3o da Guarda Municipal entre os \u00f3rg\u00e3os de seguran\u00e7a p\u00fablica. O colegiado, como os demais, aguarda a elei\u00e7\u00e3o dos novos presidentes para o mandato deste ano.<\/p>\n<p>O endere\u00e7o eletr\u00f4nico tamb\u00e9m afirmou que o deputado destinou mais de R$43 milh\u00f5es aos munic\u00edpios mineiros, por meio de emendas parlamentares no ano passado. Foram R$25 milh\u00f5es destinados \u00e0 sa\u00fade; R$11 milh\u00f5es a infraestrutura; R$5 milh\u00f5es ao esporte; R$1,5 mi para assist\u00eancia social; R$1 milh\u00e3o a seguran\u00e7a p\u00fablica; e mais de R$500 mil para o turismo.<\/p>\n<p>A principal pauta da C\u00e2mara dos Deputados este ano \u00e9 a Proposta de Emenda \u00e0 Constitui\u00e7\u00e3o (PEC) 287, que altera as regras de acesso a aposentadoria. \u201cEm rela\u00e7\u00e3o \u00e0 reforma da Previd\u00eancia, j\u00e1 h\u00e1 consenso sobre a dificuldade de apreciar essa mat\u00e9ria nesse momento, at\u00e9 mesmo pela interven\u00e7\u00e3o federal no Rio de Janeiro, que pro\u00edbe aprova\u00e7\u00e3o de emendas constitucionais. Nesse momento, este assunto est\u00e1 vencido na C\u00e2mara\u201d, avaliou o parlamentar. Conforme o mandamento constitucional, em estado de s\u00edtio, em estado de defesa ou em interven\u00e7\u00e3o nenhuma mudan\u00e7a na Constitui\u00e7\u00e3o pode ser aprovada.<\/p>\n<p>Em rela\u00e7\u00e3o \u00e0s elei\u00e7\u00f5es deste ano, o deputado acredita que ser\u00e3o dif\u00edceis devido ao desinteresse da popula\u00e7\u00e3o nas quest\u00f5es pol\u00edticas. \u201c\u00c9 preciso encontrar um caminho para demonstrar \u00e0 sociedade a necessidade de ter consci\u00eancia na hora do voto e, para isso, precisamos ter propostas e candidatos decentes que merecem a confian\u00e7a do eleitorado\u201d, ressaltou o deputado, pr\u00e9-candidato ao governo do estado de Minas Gerais.<\/p>\n<p>&nbsp;<\/p>\n<h4>COMPROMISSOS<\/h4>\n<p>Al\u00e9m da homenagem na C\u00e2mara Municipal, Pacheco aproveitar\u00e1 as agendas na cidade para reunir lideran\u00e7as pol\u00edticas da regi\u00e3o. Ele ir\u00e1 visitar a unidade do projeto Curumim, no bairro S\u00e3o Benedito, e ministrar\u00e1 palestra sobre o novo C\u00f3digo de Processo Penal em evento da subse\u00e7\u00e3o da Ordem dos Advogados do Brasil (OAB) nesta sexta-feira, 9.<\/p>\n","protected":false},"excerpt":{"rendered":"<p>O deputado federal e presidente da Comiss\u00e3o de Constitui\u00e7\u00e3o e Justi\u00e7a (CCJ) da C\u00e2mara dos Deputados, Rodrigo Pacheco (MDB), recebe na tarde desta sexta-feira, 9, o T\u00edtulo de Cidad\u00e3o Honor\u00e1rio de Juiz de Fora. O t\u00edtulo foi concedido a pedido do vereador Ant\u00f4nio Aguiar (MDB) e ser\u00e1 entregue durante cerim\u00f4nia na C\u00e2mara Municipal. \u201cEu recebi [&hellip;]<\/p>\n","protected":false},"author":96,"featured_media":93441,"comment_status":"closed","ping_status":"closed","sticky":false,"template":"","format":"standard","meta":{"footnotes":""},"categories":[253],"tags":[],"class_list":["post-93442","post","type-post","status-publish","format-standard","has-post-thumbnail","hentry","category-cidade"],"_links":{"self":[{"href":"https:\/\/diarioregionaldigital.com.br\/index.php?rest_route=\/wp\/v2\/posts\/93442","targetHints":{"allow":["GET"]}}],"collection":[{"href":"https:\/\/diarioregionaldigital.com.br\/index.php?rest_route=\/wp\/v2\/posts"}],"about":[{"href":"https:\/\/diarioregionaldigital.com.br\/index.php?rest_route=\/wp\/v2\/types\/post"}],"author":[{"embeddable":true,"href":"https:\/\/diarioregionaldigital.com.br\/index.php?rest_route=\/wp\/v2\/users\/96"}],"replies":[{"embeddable":true,"href":"https:\/\/diarioregionaldigital.com.br\/index.php?rest_route=%2Fwp%2Fv2%2Fcomments&post=93442"}],"version-history":[{"count":0,"href":"https:\/\/diarioregionaldigital.com.br\/index.php?rest_route=\/wp\/v2\/posts\/93442\/revisions"}],"wp:featuredmedia":[{"embeddable":true,"href":"https:\/\/diarioregionaldigital.com.br\/index.php?rest_route=\/wp\/v2\/media\/93441"}],"wp:attachment":[{"href":"https:\/\/diarioregionaldigital.com.br\/index.php?rest_route=%2Fwp%2Fv2%2Fmedia&parent=93442"}],"wp:term":[{"taxonomy":"category","embeddable":true,"href":"https:\/\/diarioregionaldigital.com.br\/index.php?rest_route=%2Fwp%2Fv2%2Fcategories&post=93442"},{"taxonomy":"post_tag","embeddable":true,"href":"https:\/\/diarioregionaldigital.com.br\/index.php?rest_route=%2Fwp%2Fv2%2Ftags&post=93442"}],"curies":[{"name":"wp","href":"https:\/\/api.w.org\/{rel}","templated":true}]}}