{"id":93438,"date":"2018-03-08T20:44:05","date_gmt":"2018-03-08T23:44:05","guid":{"rendered":"http:\/\/diarioregionaljf.com.br\/2018\/03\/08\/stf-decide-que-novas-eleicoes-podem-ser-convocadas-apos-cassacao-de-mandato\/"},"modified":"2018-03-08T20:44:05","modified_gmt":"2018-03-08T23:44:05","slug":"stf-decide-que-novas-eleicoes-podem-ser-convocadas-apos-cassacao-de-mandato","status":"publish","type":"post","link":"https:\/\/diarioregionaldigital.com.br\/?p=93438","title":{"rendered":"STF decide que novas elei\u00e7\u00f5es podem ser convocadas ap\u00f3s cassa\u00e7\u00e3o de mandato"},"content":{"rendered":"<p>Por unanimidade, o Supremo Tribunal Federal (STF) decidiu nessa quinta-feira, 8, que novas elei\u00e7\u00f5es podem convocadas quando um pol\u00edtico eleito tiver o mandato cassado pelo Tribunal Superior Eleitoral (TSE). Ap\u00f3s dois dias de julgamento, a Corte entendeu que a regra da reforma eleitoral de 2015 que condicionou a perda do mandato ao tr\u00e2nsito em julgado do processo \u00e9 inconstitucional.<\/p>\n<p>Votaram pela proced\u00eancia da a\u00e7\u00e3o da PGR os ministros Lu\u00eds Roberto Barroso (relator), Alexandre de Moraes, Edson Fachin, Rosa Weber, Luiz Fux, Ricardo Lewandowski, Celso de Mello, Marco Aur\u00e9lio e C\u00e1rmen L\u00facia.<\/p>\n<p>A norma foi questionada no Supremo pela Procuradoria-Geral da Rep\u00fablica (PGR). Caso a regra fosse mantida, permitiria o atraso do cumprimento da decis\u00e3o que determinou a cassa\u00e7\u00e3o do pol\u00edtico, que poderia permanecer no cargo, at\u00e9 que eventual recurso contra decis\u00e3o fosse julgado pelo STF, \u00faltima inst\u00e2ncia da Justi\u00e7a.<\/p>\n<p>Fonte: Ag\u00eancia Brasil<\/p>\n","protected":false},"excerpt":{"rendered":"<p>Por unanimidade, o Supremo Tribunal Federal (STF) decidiu nessa quinta-feira, 8, que novas elei\u00e7\u00f5es podem convocadas quando um pol\u00edtico eleito tiver o mandato cassado pelo Tribunal Superior Eleitoral (TSE). Ap\u00f3s dois dias de julgamento, a Corte entendeu que a regra da reforma eleitoral de 2015 que condicionou a perda do mandato ao tr\u00e2nsito em julgado [&hellip;]<\/p>\n","protected":false},"author":96,"featured_media":93437,"comment_status":"closed","ping_status":"closed","sticky":false,"template":"","format":"standard","meta":{"footnotes":""},"categories":[254],"tags":[],"class_list":["post-93438","post","type-post","status-publish","format-standard","has-post-thumbnail","hentry","category-politica"],"_links":{"self":[{"href":"https:\/\/diarioregionaldigital.com.br\/index.php?rest_route=\/wp\/v2\/posts\/93438","targetHints":{"allow":["GET"]}}],"collection":[{"href":"https:\/\/diarioregionaldigital.com.br\/index.php?rest_route=\/wp\/v2\/posts"}],"about":[{"href":"https:\/\/diarioregionaldigital.com.br\/index.php?rest_route=\/wp\/v2\/types\/post"}],"author":[{"embeddable":true,"href":"https:\/\/diarioregionaldigital.com.br\/index.php?rest_route=\/wp\/v2\/users\/96"}],"replies":[{"embeddable":true,"href":"https:\/\/diarioregionaldigital.com.br\/index.php?rest_route=%2Fwp%2Fv2%2Fcomments&post=93438"}],"version-history":[{"count":0,"href":"https:\/\/diarioregionaldigital.com.br\/index.php?rest_route=\/wp\/v2\/posts\/93438\/revisions"}],"wp:featuredmedia":[{"embeddable":true,"href":"https:\/\/diarioregionaldigital.com.br\/index.php?rest_route=\/wp\/v2\/media\/93437"}],"wp:attachment":[{"href":"https:\/\/diarioregionaldigital.com.br\/index.php?rest_route=%2Fwp%2Fv2%2Fmedia&parent=93438"}],"wp:term":[{"taxonomy":"category","embeddable":true,"href":"https:\/\/diarioregionaldigital.com.br\/index.php?rest_route=%2Fwp%2Fv2%2Fcategories&post=93438"},{"taxonomy":"post_tag","embeddable":true,"href":"https:\/\/diarioregionaldigital.com.br\/index.php?rest_route=%2Fwp%2Fv2%2Ftags&post=93438"}],"curies":[{"name":"wp","href":"https:\/\/api.w.org\/{rel}","templated":true}]}}