{"id":93436,"date":"2018-03-08T20:27:42","date_gmt":"2018-03-08T23:27:42","guid":{"rendered":"http:\/\/diarioregionaljf.com.br\/2018\/03\/08\/normas-sobre-concurso-publico-ja-podem-ir-a-plenario\/"},"modified":"2018-03-08T20:27:42","modified_gmt":"2018-03-08T23:27:42","slug":"normas-sobre-concurso-publico-ja-podem-ir-a-plenario","status":"publish","type":"post","link":"https:\/\/diarioregionaldigital.com.br\/?p=93436","title":{"rendered":"Normas sobre concurso p\u00fablico j\u00e1 podem ir a Plen\u00e1rio"},"content":{"rendered":"<p>O Projeto de Lei (PL) 1.938\/15, que estabelece normas e diretrizes para concurso p\u00fablico em \u00e2mbito estadual e revoga a Lei 13.167, de 1999, que trata do mesmo assunto, est\u00e1 pronto para o 1\u00b0 turno no Plen\u00e1rio. A proposi\u00e7\u00e3o, de autoria do deputado Elismar Prado (PDT), recebeu nessa quarta-feira, 7, parecer favor\u00e1vel da Comiss\u00e3o de Administra\u00e7\u00e3o P\u00fablica da Assembleia Legislativa de Minas Gerais (ALMG). O parecer do deputado Arnaldo Silva (PR) foi pela aprova\u00e7\u00e3o da mat\u00e9ria na forma do substitutivo n\u00ba 1, da Comiss\u00e3o de Constitui\u00e7\u00e3o e Justi\u00e7a (CCJ).<\/p>\n<p>Por tratarem de temas semelhantes, diversos outros projetos foram anexados ao PL 1.938\/15, como os PLs 2.029\/15 e 2.479\/15, do deputado Gilberto Abramo (PRB); 2.051\/15, de Elismar Prado; 2.093\/15, 2.356\/15 e 3.496\/16, do deputado Fred Costa (PEN); 2.481\/15, do deputado Carlos Pimenta (PDT); 2.744\/15, do deputado Isauro Calais (PMDB); 2.757\/15, do deputado Alencar da Silveira Jr. (PDT) e 3.154\/15, do deputado Mission\u00e1rio Marcio Santiago (PR).<\/p>\n<p>O parecer de Arnaldo Silva lembra que a Constitui\u00e7\u00e3o Federal traz os princ\u00edpios que disciplinam a realiza\u00e7\u00e3o de concurso p\u00fablico, especialmente nos incisos I a IV do artigo 37. Contudo, tamb\u00e9m refor\u00e7a que a fixa\u00e7\u00e3o de regras gerais no \u00e2mbito das administra\u00e7\u00f5es direta e indireta do Estado tem se tornado uma necessidade para unificar procedimentos, garantir transpar\u00eancia e dirimir d\u00favidas e quest\u00f5es relativas ao tema.<\/p>\n<p>\u201cA disciplina dessa mat\u00e9ria tem fulcro no princ\u00edpio da isonomia, segundo o qual o respeito \u00e0 igualdade de oportunidades e de tratamento entre os participantes constitui elemento crucial para o \u00eaxito da atua\u00e7\u00e3o estatal\u201d, completou Arnaldo Silva, em seu parecer.<\/p>\n<h4>&nbsp;<\/h4>\n<h4>SUBSTITUTIVO<\/h4>\n<p>O relator entendeu que o substitutivo n\u00ba 1 da CCJ refor\u00e7a que o conjunto das medidas previstas nas mat\u00e9rias anexadas contribu\u00edram para o aprimoramento do texto, apesar do posicionamento contr\u00e1rio da Secretaria de Estado de Planejamento e Gest\u00e3o (Seplag), que argumenta que muitos dos crit\u00e9rios propostos j\u00e1 est\u00e3o estabelecidos no Regulamento Geral de Concurso P\u00fablico (Decreto Estadual 42.899, de 2002).<\/p>\n<p>No entanto, para o relator, o regulamento refere-se apenas ao Poder Executivo, enquanto o PL 1.938\/15 \u00e9 mais abrangente, pois estabelece normas para a realiza\u00e7\u00e3o de concursos em \u00f3rg\u00e3os e entidades da administra\u00e7\u00e3o direta e indireta do Estado.<\/p>\n<p>Fonte: Ag\u00eancia Brasil<\/p>\n","protected":false},"excerpt":{"rendered":"<p>O Projeto de Lei (PL) 1.938\/15, que estabelece normas e diretrizes para concurso p\u00fablico em \u00e2mbito estadual e revoga a Lei 13.167, de 1999, que trata do mesmo assunto, est\u00e1 pronto para o 1\u00b0 turno no Plen\u00e1rio. A proposi\u00e7\u00e3o, de autoria do deputado Elismar Prado (PDT), recebeu nessa quarta-feira, 7, parecer favor\u00e1vel da Comiss\u00e3o de [&hellip;]<\/p>\n","protected":false},"author":96,"featured_media":93435,"comment_status":"closed","ping_status":"closed","sticky":false,"template":"","format":"standard","meta":{"footnotes":""},"categories":[254],"tags":[],"class_list":["post-93436","post","type-post","status-publish","format-standard","has-post-thumbnail","hentry","category-politica"],"_links":{"self":[{"href":"https:\/\/diarioregionaldigital.com.br\/index.php?rest_route=\/wp\/v2\/posts\/93436","targetHints":{"allow":["GET"]}}],"collection":[{"href":"https:\/\/diarioregionaldigital.com.br\/index.php?rest_route=\/wp\/v2\/posts"}],"about":[{"href":"https:\/\/diarioregionaldigital.com.br\/index.php?rest_route=\/wp\/v2\/types\/post"}],"author":[{"embeddable":true,"href":"https:\/\/diarioregionaldigital.com.br\/index.php?rest_route=\/wp\/v2\/users\/96"}],"replies":[{"embeddable":true,"href":"https:\/\/diarioregionaldigital.com.br\/index.php?rest_route=%2Fwp%2Fv2%2Fcomments&post=93436"}],"version-history":[{"count":0,"href":"https:\/\/diarioregionaldigital.com.br\/index.php?rest_route=\/wp\/v2\/posts\/93436\/revisions"}],"wp:featuredmedia":[{"embeddable":true,"href":"https:\/\/diarioregionaldigital.com.br\/index.php?rest_route=\/wp\/v2\/media\/93435"}],"wp:attachment":[{"href":"https:\/\/diarioregionaldigital.com.br\/index.php?rest_route=%2Fwp%2Fv2%2Fmedia&parent=93436"}],"wp:term":[{"taxonomy":"category","embeddable":true,"href":"https:\/\/diarioregionaldigital.com.br\/index.php?rest_route=%2Fwp%2Fv2%2Fcategories&post=93436"},{"taxonomy":"post_tag","embeddable":true,"href":"https:\/\/diarioregionaldigital.com.br\/index.php?rest_route=%2Fwp%2Fv2%2Ftags&post=93436"}],"curies":[{"name":"wp","href":"https:\/\/api.w.org\/{rel}","templated":true}]}}