{"id":93434,"date":"2018-03-08T20:08:00","date_gmt":"2018-03-08T23:08:00","guid":{"rendered":"http:\/\/diarioregionaljf.com.br\/2018\/03\/08\/fachin-envia-denuncia-contra-lula-e-dilma-para-justica-federal-no-df\/"},"modified":"2018-03-08T20:08:00","modified_gmt":"2018-03-08T23:08:00","slug":"fachin-envia-denuncia-contra-lula-e-dilma-para-justica-federal-no-df","status":"publish","type":"post","link":"https:\/\/diarioregionaldigital.com.br\/?p=93434","title":{"rendered":"Fachin envia den\u00fancia contra Lula e Dilma para Justi\u00e7a Federal no DF"},"content":{"rendered":"<p>O ministro Edson Fachin, relator da Opera\u00e7\u00e3o Lava Jato no Supremo Tribunal Federal (STF), mandou descer para a Justi\u00e7a Federal no Distrito Federal (JFDF) a den\u00fancia por participa\u00e7\u00e3o em organiza\u00e7\u00e3o criminosa feita pelo Minist\u00e9rio P\u00fablico Federal (MPF) contra os ex-presidentes Luiz In\u00e1cio Lula da Silva e Dilma Rousseff e outros integrantes do PT.<\/p>\n<p>Tamb\u00e9m s\u00e3o alvo da den\u00fancia os ex-ministros da Fazenda Antonio Palocci e Guido Mantega, bem como o ex-tesoureiro do PT Jo\u00e3o Vaccari Neto. Os rumos da investiga\u00e7\u00e3o contra eles ficar\u00e3o agora sob responsabilidade da JFDF, embora Fachin n\u00e3o tenha especificado em qual vara criminal.<\/p>\n<p>Em setembro do ano passado, todos foram acusados pelo ent\u00e3o procurador-geral da Rep\u00fablica, Rodrigo Janot, de praticar \u201cuma mir\u00edade de delitos\u201d na administra\u00e7\u00e3o p\u00fablica durante os governos Lula e Dilma, somando R$1,4 bilh\u00e3o em preju\u00edzo para os cofres p\u00fablicos, segundo a den\u00fancia.<\/p>\n<p>A senadora Gleisi Hoffman (PT-PR) e seu marido, o ex-ministro Paulo Bernardo, tamb\u00e9m foram denunciados nesse processo, mas o caso deles permanecer\u00e1 no STF, em decorr\u00eancia do foro privilegiado da parlamentar.<\/p>\n<p>O \u00faltimo denunciado, o ex-ministro da Secretaria de Comunica\u00e7\u00e3o Edinho Silva, ter\u00e1 o caso apreciado pelo Tribunal Regional Federal 3\u00aa Regi\u00e3o (TRF3), onde ele tem foro por prerrogativa de fun\u00e7\u00e3o por ser prefeito de Araraquara (SP).<\/p>\n<p>Ao determinar o desmembramento do processo, Fachin atendeu parcialmente a pedido do MPF, embora n\u00e3o tenha enviado todos os processos contra pessoas sem foro privilegiado para o juiz S\u00e9rgio Moro, da 13\u00aa Vara Federal de Curitiba, como queriam os procuradores.<\/p>\n<p>Fonte: Ag\u00eancia Brasil<\/p>\n","protected":false},"excerpt":{"rendered":"<p>O ministro Edson Fachin, relator da Opera\u00e7\u00e3o Lava Jato no Supremo Tribunal Federal (STF), mandou descer para a Justi\u00e7a Federal no Distrito Federal (JFDF) a den\u00fancia por participa\u00e7\u00e3o em organiza\u00e7\u00e3o criminosa feita pelo Minist\u00e9rio P\u00fablico Federal (MPF) contra os ex-presidentes Luiz In\u00e1cio Lula da Silva e Dilma Rousseff e outros integrantes do PT. Tamb\u00e9m s\u00e3o [&hellip;]<\/p>\n","protected":false},"author":96,"featured_media":93433,"comment_status":"closed","ping_status":"closed","sticky":false,"template":"","format":"standard","meta":{"footnotes":""},"categories":[254],"tags":[],"class_list":["post-93434","post","type-post","status-publish","format-standard","has-post-thumbnail","hentry","category-politica"],"_links":{"self":[{"href":"https:\/\/diarioregionaldigital.com.br\/index.php?rest_route=\/wp\/v2\/posts\/93434","targetHints":{"allow":["GET"]}}],"collection":[{"href":"https:\/\/diarioregionaldigital.com.br\/index.php?rest_route=\/wp\/v2\/posts"}],"about":[{"href":"https:\/\/diarioregionaldigital.com.br\/index.php?rest_route=\/wp\/v2\/types\/post"}],"author":[{"embeddable":true,"href":"https:\/\/diarioregionaldigital.com.br\/index.php?rest_route=\/wp\/v2\/users\/96"}],"replies":[{"embeddable":true,"href":"https:\/\/diarioregionaldigital.com.br\/index.php?rest_route=%2Fwp%2Fv2%2Fcomments&post=93434"}],"version-history":[{"count":0,"href":"https:\/\/diarioregionaldigital.com.br\/index.php?rest_route=\/wp\/v2\/posts\/93434\/revisions"}],"wp:featuredmedia":[{"embeddable":true,"href":"https:\/\/diarioregionaldigital.com.br\/index.php?rest_route=\/wp\/v2\/media\/93433"}],"wp:attachment":[{"href":"https:\/\/diarioregionaldigital.com.br\/index.php?rest_route=%2Fwp%2Fv2%2Fmedia&parent=93434"}],"wp:term":[{"taxonomy":"category","embeddable":true,"href":"https:\/\/diarioregionaldigital.com.br\/index.php?rest_route=%2Fwp%2Fv2%2Fcategories&post=93434"},{"taxonomy":"post_tag","embeddable":true,"href":"https:\/\/diarioregionaldigital.com.br\/index.php?rest_route=%2Fwp%2Fv2%2Ftags&post=93434"}],"curies":[{"name":"wp","href":"https:\/\/api.w.org\/{rel}","templated":true}]}}