{"id":93432,"date":"2018-03-08T19:44:03","date_gmt":"2018-03-08T22:44:03","guid":{"rendered":"http:\/\/diarioregionaljf.com.br\/2018\/03\/08\/temer-defende-igualdade-entre-homens-e-mulheres-prevista-na-constituicao\/"},"modified":"2018-03-08T19:44:03","modified_gmt":"2018-03-08T22:44:03","slug":"temer-defende-igualdade-entre-homens-e-mulheres-prevista-na-constituicao","status":"publish","type":"post","link":"https:\/\/diarioregionaldigital.com.br\/?p=93432","title":{"rendered":"Temer defende igualdade entre homens e mulheres prevista na Constitui\u00e7\u00e3o"},"content":{"rendered":"<p>O presidente Michel Temer defendeu nessa quinta-feira, 8, o cumprimento da Constitui\u00e7\u00e3o para garantir a igualdade entre homens e mulheres. Ao lado da primeira dama, Marcela Temer, o presidente participou de um evento de homenagem \u00e0s servidoras do Pal\u00e1cio do Planalto pelo Dia da Mulher.<\/p>\n<p>Em sua breve fala de sauda\u00e7\u00e3o, Temer criticou a diferen\u00e7a salarial entre homens e mulheres e afirmou que apoia o movimento comandado pela Secretaria Especial de Pol\u00edticas para as Mulheres com o objetivo de mudar essa realidade.<\/p>\n<p>&#8220;Eu vi no notici\u00e1rio que mulher ganha menos que homem em todos os setores. Interessante, eu tenho um v\u00edcio de olhar sempre a Constitui\u00e7\u00e3o Federal, e a Constitui\u00e7\u00e3o diz que homens e mulheres s\u00e3o iguais em direitos e deveres&#8221;, disse. &#8220;N\u00f3s queremos o cumprimento do texto constitucional&#8221;, acrescentou.<\/p>\n<p>A advogada-geral da Uni\u00e3o, Grace Mendon\u00e7a, a Secret\u00e1ria Especial de Pol\u00edticas para as Mulheres, F\u00e1tima Pelaes, tamb\u00e9m participaram da homenagem, al\u00e9m de Katia Moraes, respons\u00e1vel pelo Instituto Dan\u00e7ar \u00e9 Arte. As convidadas apresentaram hist\u00f3rias e desafios em suas \u00e1reas de atua\u00e7\u00e3o.<\/p>\n<p>Ap\u00f3s a cerim\u00f4nia, questionada sobre o fato de ser a \u00fanica mulher no comando de minist\u00e9rios do atual governo, Grace Mendon\u00e7a argumentou que as mulheres ainda est\u00e3o em um processo de ocupa\u00e7\u00e3o de seus espa\u00e7os. \u201cOs n\u00fameros acabam revelando que n\u00f3s ainda temos muito a trabalhar. O caminho \u00e9 o trabalho mesmo, o estudo, a dedica\u00e7\u00e3o, ent\u00e3o, eu acho que ter a frente da Advocacia-Geral da Uni\u00e3o uma mulher de carreira pra n\u00f3s \u00e9 um motivo de muita alegria e sabemos que s\u00e3o passos que s\u00e3o dados para o fortalecimento do papel da mulher na sociedade.\u201d<\/p>\n<p>Fonte: Ag\u00eancia Brasil<\/p>\n","protected":false},"excerpt":{"rendered":"<p>O presidente Michel Temer defendeu nessa quinta-feira, 8, o cumprimento da Constitui\u00e7\u00e3o para garantir a igualdade entre homens e mulheres. Ao lado da primeira dama, Marcela Temer, o presidente participou de um evento de homenagem \u00e0s servidoras do Pal\u00e1cio do Planalto pelo Dia da Mulher. Em sua breve fala de sauda\u00e7\u00e3o, Temer criticou a diferen\u00e7a [&hellip;]<\/p>\n","protected":false},"author":96,"featured_media":93431,"comment_status":"closed","ping_status":"closed","sticky":false,"template":"","format":"standard","meta":{"footnotes":""},"categories":[254],"tags":[],"class_list":["post-93432","post","type-post","status-publish","format-standard","has-post-thumbnail","hentry","category-politica"],"_links":{"self":[{"href":"https:\/\/diarioregionaldigital.com.br\/index.php?rest_route=\/wp\/v2\/posts\/93432","targetHints":{"allow":["GET"]}}],"collection":[{"href":"https:\/\/diarioregionaldigital.com.br\/index.php?rest_route=\/wp\/v2\/posts"}],"about":[{"href":"https:\/\/diarioregionaldigital.com.br\/index.php?rest_route=\/wp\/v2\/types\/post"}],"author":[{"embeddable":true,"href":"https:\/\/diarioregionaldigital.com.br\/index.php?rest_route=\/wp\/v2\/users\/96"}],"replies":[{"embeddable":true,"href":"https:\/\/diarioregionaldigital.com.br\/index.php?rest_route=%2Fwp%2Fv2%2Fcomments&post=93432"}],"version-history":[{"count":0,"href":"https:\/\/diarioregionaldigital.com.br\/index.php?rest_route=\/wp\/v2\/posts\/93432\/revisions"}],"wp:featuredmedia":[{"embeddable":true,"href":"https:\/\/diarioregionaldigital.com.br\/index.php?rest_route=\/wp\/v2\/media\/93431"}],"wp:attachment":[{"href":"https:\/\/diarioregionaldigital.com.br\/index.php?rest_route=%2Fwp%2Fv2%2Fmedia&parent=93432"}],"wp:term":[{"taxonomy":"category","embeddable":true,"href":"https:\/\/diarioregionaldigital.com.br\/index.php?rest_route=%2Fwp%2Fv2%2Fcategories&post=93432"},{"taxonomy":"post_tag","embeddable":true,"href":"https:\/\/diarioregionaldigital.com.br\/index.php?rest_route=%2Fwp%2Fv2%2Ftags&post=93432"}],"curies":[{"name":"wp","href":"https:\/\/api.w.org\/{rel}","templated":true}]}}