{"id":93430,"date":"2018-03-08T19:40:08","date_gmt":"2018-03-08T22:40:08","guid":{"rendered":"http:\/\/diarioregionaljf.com.br\/2018\/03\/08\/pjf-divulga-novas-listas-de-convocacao-na-area-da-educacao\/"},"modified":"2018-03-08T19:40:08","modified_gmt":"2018-03-08T22:40:08","slug":"pjf-divulga-novas-listas-de-convocacao-na-area-da-educacao","status":"publish","type":"post","link":"https:\/\/diarioregionaldigital.com.br\/?p=93430","title":{"rendered":"PJF divulga novas listas de convoca\u00e7\u00e3o na \u00e1rea da educa\u00e7\u00e3o"},"content":{"rendered":"<p>A Prefeitura de Juiz de Fora (PJF) divulgou nesta quinta-feira, 8, nova listagem de convoca\u00e7\u00e3o dos aprovados nos processos seletivos de contrata\u00e7\u00e3o de professores para atua\u00e7\u00e3o no ano letivo de 2018. Est\u00e3o sendo convocados professores de ci\u00eancia, artes, hist\u00f3ria, ingl\u00eas (Edital n\u00ba 336) e dan\u00e7a (Edital n\u00ba 337), que dever\u00e3o comparecer ao Centro de Forma\u00e7\u00e3o do Professor (CFP), na Avenida Get\u00falio Vargas, n\u00ba 200, Centro, nesta sexta-feira, 9, \u00e0s 8h30.<\/p>\n<p>A convoca\u00e7\u00e3o abrange tamb\u00e9m professores de educa\u00e7\u00e3o f\u00edsica, geografia, matem\u00e1tica, portugu\u00eas (Edital n\u00ba 336), m\u00fasica e inform\u00e1tica (Edital n\u00ba 337), que dever\u00e3o se apresentar no mesmo dia e local (CFP), \u00e0s 14h30. As informa\u00e7\u00f5es foram publicadas no Di\u00e1rio Oficial Eletr\u00f4nico do Munic\u00edpio (Atos do Governo) e podem ser conferidas nos seguintes links:<\/p>\n<p>&nbsp;<\/p>\n<p>&#8211; <a href=\"https:\/\/www.pjf.mg.gov.br\/e_atos\/e_atos_vis.php?id=59666\" target=\"_blank\" rel=\"noopener noreferrer\"><strong>Edital n\u00ba 336<\/strong><\/a><\/p>\n<p>&nbsp;<\/p>\n<p>&#8211; <a href=\"https:\/\/www.pjf.mg.gov.br\/e_atos\/e_atos_vis.php?id=59667\" target=\"_blank\" rel=\"noopener noreferrer\"><strong>Edital n\u00ba 337<\/strong><\/a><\/p>\n<h4>&nbsp;<\/h4>\n<h4>COORDENADOR PEDAG\u00d3GICO E SECRET\u00c1RIO ESCOLAR<\/h4>\n<p>A PJF tamb\u00e9m divulgou a listagem de convoca\u00e7\u00e3o dos candidatos aprovados nos processos seletivos para contrata\u00e7\u00e3o de secret\u00e1rio escolar (Edital N\u00ba 329) e coordenador pedag\u00f3gico (Edital N\u00ba 338), para atua\u00e7\u00e3o no ano letivo de 2018, na rede municipal de ensino. Os convocados dever\u00e3o comparecer ao Centro de Forma\u00e7\u00e3o do Professor \u00e0s 8h30, nesta sexta-feira, 9, para escolha da vaga. As listas podem ser acessadas nos links abaixo:<\/p>\n<p>&nbsp;<\/p>\n<p>&#8211; Secret\u00e1rio escolar (<a href=\"https:\/\/www.pjf.mg.gov.br\/e_atos\/e_atos_vis.php?id=59669\" target=\"_blank\" rel=\"noopener noreferrer\"><strong>Edital N\u00ba 329<\/strong><\/a>)<\/p>\n<p>&nbsp;<\/p>\n<p>&#8211; Coordenador pedag\u00f3gico (<strong><a href=\"https:\/\/www.pjf.mg.gov.br\/e_atos\/e_atos_vis.php?id=59668\" target=\"_blank\" rel=\"noopener noreferrer\">Edital N\u00ba 338<\/a><\/strong>)<\/p>\n<p>&nbsp;<\/p>\n<p>Fonte: Assessoria\/PJF<\/p>\n","protected":false},"excerpt":{"rendered":"<p>A Prefeitura de Juiz de Fora (PJF) divulgou nesta quinta-feira, 8, nova listagem de convoca\u00e7\u00e3o dos aprovados nos processos seletivos de contrata\u00e7\u00e3o de professores para atua\u00e7\u00e3o no ano letivo de 2018. Est\u00e3o sendo convocados professores de ci\u00eancia, artes, hist\u00f3ria, ingl\u00eas (Edital n\u00ba 336) e dan\u00e7a (Edital n\u00ba 337), que dever\u00e3o comparecer ao Centro de Forma\u00e7\u00e3o [&hellip;]<\/p>\n","protected":false},"author":96,"featured_media":93429,"comment_status":"closed","ping_status":"closed","sticky":false,"template":"","format":"standard","meta":{"footnotes":""},"categories":[280],"tags":[],"class_list":["post-93430","post","type-post","status-publish","format-standard","has-post-thumbnail","hentry","category-concurso"],"_links":{"self":[{"href":"https:\/\/diarioregionaldigital.com.br\/index.php?rest_route=\/wp\/v2\/posts\/93430","targetHints":{"allow":["GET"]}}],"collection":[{"href":"https:\/\/diarioregionaldigital.com.br\/index.php?rest_route=\/wp\/v2\/posts"}],"about":[{"href":"https:\/\/diarioregionaldigital.com.br\/index.php?rest_route=\/wp\/v2\/types\/post"}],"author":[{"embeddable":true,"href":"https:\/\/diarioregionaldigital.com.br\/index.php?rest_route=\/wp\/v2\/users\/96"}],"replies":[{"embeddable":true,"href":"https:\/\/diarioregionaldigital.com.br\/index.php?rest_route=%2Fwp%2Fv2%2Fcomments&post=93430"}],"version-history":[{"count":0,"href":"https:\/\/diarioregionaldigital.com.br\/index.php?rest_route=\/wp\/v2\/posts\/93430\/revisions"}],"wp:featuredmedia":[{"embeddable":true,"href":"https:\/\/diarioregionaldigital.com.br\/index.php?rest_route=\/wp\/v2\/media\/93429"}],"wp:attachment":[{"href":"https:\/\/diarioregionaldigital.com.br\/index.php?rest_route=%2Fwp%2Fv2%2Fmedia&parent=93430"}],"wp:term":[{"taxonomy":"category","embeddable":true,"href":"https:\/\/diarioregionaldigital.com.br\/index.php?rest_route=%2Fwp%2Fv2%2Fcategories&post=93430"},{"taxonomy":"post_tag","embeddable":true,"href":"https:\/\/diarioregionaldigital.com.br\/index.php?rest_route=%2Fwp%2Fv2%2Ftags&post=93430"}],"curies":[{"name":"wp","href":"https:\/\/api.w.org\/{rel}","templated":true}]}}