{"id":93428,"date":"2018-03-08T19:09:27","date_gmt":"2018-03-08T22:09:27","guid":{"rendered":"http:\/\/diarioregionaljf.com.br\/2018\/03\/08\/muro-cai-e-atinge-residencia-no-bairro-retiro\/"},"modified":"2018-03-08T19:09:27","modified_gmt":"2018-03-08T22:09:27","slug":"muro-cai-e-atinge-residencia-no-bairro-retiro","status":"publish","type":"post","link":"https:\/\/diarioregionaldigital.com.br\/?p=93428","title":{"rendered":"Muro cai e atinge resid\u00eancia no bairro Retiro"},"content":{"rendered":"<p>ATUALIZADA \u00c0S 21H22, EM 08\/03\/2018<\/p>\n<p>A Defesa Civil de Juiz de Fora atendeu \u00e0 17 solicita\u00e7\u00f5es em decorr\u00eancia das chuvas entre as 8h40 da manh\u00e3 e as 18h dessa quinta-feira, 8. A ocorr\u00eancia mais grave foi registrada no in\u00edcio da tarde, no bairro Retiro, zona Sudeste da cidade. Um muro caiu e atingiu uma resid\u00eancia ap\u00f3s deslizamento de terra na Rua Ant\u00f4nio Joaquim de Melo.<\/p>\n<p>De acordo com informa\u00e7\u00f5es da Defesa Civil, a estrutura atingiu parte da parede da casa, al\u00e9m de um carro e uma moto. Ningu\u00e9m se feriu.<\/p>\n<p>Cerca de tr\u00eas fam\u00edlias que moram no terreno (na casa atingida e em outros dois im\u00f3veis no local) foram orientadas a passar a noite na resid\u00eancia de parentes e amigos, para que o \u00f3rg\u00e3o acompanhe a evolu\u00e7\u00e3o do deslizamento.<\/p>\n<p>&nbsp;<\/p>\n<h4>OUTROS REGISTROS<\/h4>\n<p>Outros 16 atendimentos foram realizados pela Defesa Civil no referido per\u00edodo, sendo sete na Regi\u00e3o Sudeste, quatro na zona Leste, dois nas regi\u00f5es Nordeste e na Norte, e um no Centro da cidade.<\/p>\n<p>Al\u00e9m da queda de muros de divisas, como a registrada no bairro Retiro, tamb\u00e9m foram atendidas solicita\u00e7\u00f5es relacionadas \u00e0 deslizamentos de talude; infiltra\u00e7\u00e3o em pisos, muros de conten\u00e7\u00e3o e lajes; amea\u00e7a de queda de muro; trinca em parede, al\u00e9m de orienta\u00e7\u00f5es t\u00e9cnicas preventivas e reavalia\u00e7\u00f5es.<\/p>\n<p>No bairro Santo Ant\u00f4nio, tamb\u00e9m na regi\u00e3o Sudeste, houve um deslizamento de terra na Rua Francisco Cerqueira Cruzeiro e um muro caiu na Rua Francisco Fontainha. Conforme a Defesa Civil, ambas as ocorr\u00eancias n\u00e3o apresentam gravidade e n\u00e3o tiveram feridos. J\u00e1 na Rua Diva Garcia, no Linhares, zona Leste, foi registrada uma amea\u00e7a de rolamento de pedras.<\/p>\n<p>&nbsp;<\/p>\n<h4>CHUVAS CONTINUAM<\/h4>\n<p>De acordo com informa\u00e7\u00f5es do site do Instituto Nacional de Meteorologia (Inmet), o fim de semana vai ser de chuva em Juiz de Fora. Nesta sexta-feira, 9, o c\u00e9u permanece encoberto \u00e0 nublado, com pancadas de chuva, durante todo o dia. As temperaturas variam entre 19\u00ba e 28\u00ba e a umidade relativa do ar pode chegar a 100%.<\/p>\n<p>No s\u00e1bado, 10, e no domingo, 11, o c\u00e9u permanece nublado, com possibilidade de chuva a qualquer hora e temperaturas que podem chegar aos 26\u00ba e 25\u00ba, respectivamente.<\/p>\n","protected":false},"excerpt":{"rendered":"<p>ATUALIZADA \u00c0S 21H22, EM 08\/03\/2018 A Defesa Civil de Juiz de Fora atendeu \u00e0 17 solicita\u00e7\u00f5es em decorr\u00eancia das chuvas entre as 8h40 da manh\u00e3 e as 18h dessa quinta-feira, 8. A ocorr\u00eancia mais grave foi registrada no in\u00edcio da tarde, no bairro Retiro, zona Sudeste da cidade. Um muro caiu e atingiu uma resid\u00eancia [&hellip;]<\/p>\n","protected":false},"author":96,"featured_media":93427,"comment_status":"closed","ping_status":"closed","sticky":false,"template":"","format":"standard","meta":{"footnotes":""},"categories":[253],"tags":[],"class_list":["post-93428","post","type-post","status-publish","format-standard","has-post-thumbnail","hentry","category-cidade"],"_links":{"self":[{"href":"https:\/\/diarioregionaldigital.com.br\/index.php?rest_route=\/wp\/v2\/posts\/93428","targetHints":{"allow":["GET"]}}],"collection":[{"href":"https:\/\/diarioregionaldigital.com.br\/index.php?rest_route=\/wp\/v2\/posts"}],"about":[{"href":"https:\/\/diarioregionaldigital.com.br\/index.php?rest_route=\/wp\/v2\/types\/post"}],"author":[{"embeddable":true,"href":"https:\/\/diarioregionaldigital.com.br\/index.php?rest_route=\/wp\/v2\/users\/96"}],"replies":[{"embeddable":true,"href":"https:\/\/diarioregionaldigital.com.br\/index.php?rest_route=%2Fwp%2Fv2%2Fcomments&post=93428"}],"version-history":[{"count":0,"href":"https:\/\/diarioregionaldigital.com.br\/index.php?rest_route=\/wp\/v2\/posts\/93428\/revisions"}],"wp:featuredmedia":[{"embeddable":true,"href":"https:\/\/diarioregionaldigital.com.br\/index.php?rest_route=\/wp\/v2\/media\/93427"}],"wp:attachment":[{"href":"https:\/\/diarioregionaldigital.com.br\/index.php?rest_route=%2Fwp%2Fv2%2Fmedia&parent=93428"}],"wp:term":[{"taxonomy":"category","embeddable":true,"href":"https:\/\/diarioregionaldigital.com.br\/index.php?rest_route=%2Fwp%2Fv2%2Fcategories&post=93428"},{"taxonomy":"post_tag","embeddable":true,"href":"https:\/\/diarioregionaldigital.com.br\/index.php?rest_route=%2Fwp%2Fv2%2Ftags&post=93428"}],"curies":[{"name":"wp","href":"https:\/\/api.w.org\/{rel}","templated":true}]}}