{"id":93426,"date":"2018-03-08T19:07:15","date_gmt":"2018-03-08T22:07:15","guid":{"rendered":"http:\/\/diarioregionaljf.com.br\/2018\/03\/08\/apos-polemica-tse-revoga-parte-de-norma-que-restringia-pesquisas-eleitorais\/"},"modified":"2018-03-08T19:07:15","modified_gmt":"2018-03-08T22:07:15","slug":"apos-polemica-tse-revoga-parte-de-norma-que-restringia-pesquisas-eleitorais","status":"publish","type":"post","link":"https:\/\/diarioregionaldigital.com.br\/?p=93426","title":{"rendered":"Ap\u00f3s pol\u00eamica, TSE revoga parte de norma que restringia pesquisas eleitorais"},"content":{"rendered":"<p>O plen\u00e1rio do Tribunal Superior Eleitoral (TSE) revogou nessa quinta-feira, 8, por unanimidade, dois artigos de uma resolu\u00e7\u00e3o que restringiam a abrang\u00eancia de perguntas em pesquisas eleitorais, ap\u00f3s rea\u00e7\u00e3o negativa de entidades representativas da imprensa e de institutos de pesquisa.<\/p>\n<p>A revoga\u00e7\u00e3o foi proposta pelo presidente do TSE, ministro Luiz Fux, para quem os par\u00e1grafos agora revogados \u201cocasionaram d\u00favidas razo\u00e1veis e inseguran\u00e7a em parte significativa da sociedade\u201d.<\/p>\n<p>Os par\u00e1grafos 10 e 11 do artigo 2 da resolu\u00e7\u00e3o sobre pesquisas eleitorais, agora revogados, previam a proibi\u00e7\u00e3o de \u201cindaga\u00e7\u00f5es a respeito de temas n\u00e3o relacionados \u00e0 elei\u00e7\u00e3o\u201d nas pesquisas de opini\u00e3o p\u00fablica, e tamb\u00e9m que os question\u00e1rios n\u00e3o poderiam \u201cconter afirma\u00e7\u00e3o caluniosa, difamat\u00f3ria, injuriosa ou informa\u00e7\u00e3o sabidamente inver\u00eddica, sob pena de suspens\u00e3o de sua divulga\u00e7\u00e3o\u201d.<\/p>\n<p>As restri\u00e7\u00f5es foram inseridas na semana passada na resolu\u00e7\u00e3o e publicadas no Di\u00e1rio da Justi\u00e7a Eletr\u00f4nico na segunda-feira, 5, \u00faltimo dia do prazo para o TSE regulamentar as elei\u00e7\u00f5es deste ano.<\/p>\n<h4>&nbsp;<\/h4>\n<h4>TEXTO PROVOCA REA\u00c7\u00d5ES CONTR\u00c1RIAS<\/h4>\n<p>O texto provocou diversas rea\u00e7\u00f5es contr\u00e1rias de institutos de pesquisa e de entidades representativas da imprensa, que acusaram obscuridade e subjetivismo nos par\u00e1grafos, que poderiam resultar em cerceamento da liberdade de express\u00e3o, bem como um empobrecimento do entendimento sobre a din\u00e2mica eleitoral, uma vez que ficariam prejudicadas perguntas sobre o contexto social que influencia a inten\u00e7\u00e3o de voto.<\/p>\n<p>A presid\u00eancia da Associa\u00e7\u00e3o Brasileira de Imprensa (ABI) disse considerar as restri\u00e7\u00f5es \u201cum ato de censura pr\u00e9via, incompat\u00edvel com a liberdade de express\u00e3o assegurada pela Constitui\u00e7\u00e3o\u201d.<\/p>\n<p>Em nota conjunta, a Associa\u00e7\u00e3o Brasileira de Emissoras de R\u00e1dio e Televis\u00e3o (Abert), a Associa\u00e7\u00e3o Nacional de Jornais (ANJ) e a Associa\u00e7\u00e3o Nacional de Editores de Revistas (Aner) afirmaram que as restri\u00e7\u00f5es tornavam \u201cinvi\u00e1veis o mapeamento e o monitoramento de vari\u00e1veis que comp\u00f5em o voto do cidad\u00e3o\u201d.<\/p>\n<p>Ap\u00f3s aprovada a revoga\u00e7\u00e3o dos par\u00e1grafos que restringiam as perguntas nas pesquisas eleitorais, Fux disse que o TSE iria debater, \u201cnum futuro pr\u00f3ximo, todas essas manifesta\u00e7\u00f5es das entidades respeit\u00e1veis do setor da pesquisa e da imprensa, quanto a uma eventual viola\u00e7\u00e3o da liberdade de express\u00e3o\u201d.<\/p>\n<p>Fonte: Ag\u00eancia Brasil<\/p>\n","protected":false},"excerpt":{"rendered":"<p>O plen\u00e1rio do Tribunal Superior Eleitoral (TSE) revogou nessa quinta-feira, 8, por unanimidade, dois artigos de uma resolu\u00e7\u00e3o que restringiam a abrang\u00eancia de perguntas em pesquisas eleitorais, ap\u00f3s rea\u00e7\u00e3o negativa de entidades representativas da imprensa e de institutos de pesquisa. A revoga\u00e7\u00e3o foi proposta pelo presidente do TSE, ministro Luiz Fux, para quem os par\u00e1grafos [&hellip;]<\/p>\n","protected":false},"author":96,"featured_media":93425,"comment_status":"closed","ping_status":"closed","sticky":false,"template":"","format":"standard","meta":{"footnotes":""},"categories":[254],"tags":[],"class_list":["post-93426","post","type-post","status-publish","format-standard","has-post-thumbnail","hentry","category-politica"],"_links":{"self":[{"href":"https:\/\/diarioregionaldigital.com.br\/index.php?rest_route=\/wp\/v2\/posts\/93426","targetHints":{"allow":["GET"]}}],"collection":[{"href":"https:\/\/diarioregionaldigital.com.br\/index.php?rest_route=\/wp\/v2\/posts"}],"about":[{"href":"https:\/\/diarioregionaldigital.com.br\/index.php?rest_route=\/wp\/v2\/types\/post"}],"author":[{"embeddable":true,"href":"https:\/\/diarioregionaldigital.com.br\/index.php?rest_route=\/wp\/v2\/users\/96"}],"replies":[{"embeddable":true,"href":"https:\/\/diarioregionaldigital.com.br\/index.php?rest_route=%2Fwp%2Fv2%2Fcomments&post=93426"}],"version-history":[{"count":0,"href":"https:\/\/diarioregionaldigital.com.br\/index.php?rest_route=\/wp\/v2\/posts\/93426\/revisions"}],"wp:featuredmedia":[{"embeddable":true,"href":"https:\/\/diarioregionaldigital.com.br\/index.php?rest_route=\/wp\/v2\/media\/93425"}],"wp:attachment":[{"href":"https:\/\/diarioregionaldigital.com.br\/index.php?rest_route=%2Fwp%2Fv2%2Fmedia&parent=93426"}],"wp:term":[{"taxonomy":"category","embeddable":true,"href":"https:\/\/diarioregionaldigital.com.br\/index.php?rest_route=%2Fwp%2Fv2%2Fcategories&post=93426"},{"taxonomy":"post_tag","embeddable":true,"href":"https:\/\/diarioregionaldigital.com.br\/index.php?rest_route=%2Fwp%2Fv2%2Ftags&post=93426"}],"curies":[{"name":"wp","href":"https:\/\/api.w.org\/{rel}","templated":true}]}}