{"id":93424,"date":"2018-03-08T18:53:59","date_gmt":"2018-03-08T21:53:59","guid":{"rendered":"http:\/\/diarioregionaljf.com.br\/2018\/03\/08\/mulheres-do-mst-promovem-ato-de-vandalismo-em-parque-grafico-do-grupo-globo\/"},"modified":"2018-03-08T18:53:59","modified_gmt":"2018-03-08T21:53:59","slug":"mulheres-do-mst-promovem-ato-de-vandalismo-em-parque-grafico-do-grupo-globo","status":"publish","type":"post","link":"https:\/\/diarioregionaldigital.com.br\/?p=93424","title":{"rendered":"Mulheres do MST promovem ato de vandalismo em parque gr\u00e1fico do Grupo Globo"},"content":{"rendered":"<p>Em ato programado para o Dia Internacional da Mulher, integrantes do Movimento dos Trabalhadores Rurais Sem Terra (MST) invadiram nessa quinta-feira, 8, &nbsp;pela manh\u00e3 o parque gr\u00e1fico do Grupo Globo. O complexo se localiza na Rodovia Washington Lu\u00edz, em Duque de Caxias, na Baixada fluminense.<\/p>\n<p>A invas\u00e3o come\u00e7ou cedo. De acordo com informa\u00e7\u00f5es do MST, cerca de 800 mulheres chegaram ao local por volta de 5h30. O objetivo \u00e9 denunciar a atua\u00e7\u00e3o da empresa naquilo que julgam ser prejudiciais \u00e0 estabilidade da pol\u00edtica brasileira.<\/p>\n<p>Al\u00e9m das integrantes do MST, participaram tamb\u00e9m mulheres do Levante Popular da Juventude, do Movimento dos Atingidos por Barragens (MAB) e do Movimento dos Pequenos Agricultores (MPA). Em cartazes e palavras de ordem, tamb\u00e9m houve cr\u00edticas \u00e0 interven\u00e7\u00e3o militar na seguran\u00e7a p\u00fablica do estado do Rio de Janeiro e \u00e0 proposta da reforma da Previd\u00eancia Social.<\/p>\n<p>Em nota conjunta, a Associa\u00e7\u00e3o Brasileira de Emissoras de R\u00e1dio e Televis\u00e3o (Abert), a Associa\u00e7\u00e3o Nacional de Editores de Revistas (Aner) e a Associa\u00e7\u00e3o Nacional de Jornais (ANJ) repudiaram invas\u00e3o. De acordo com as entidades, integrantes do MST, alguns dos quais portando fac\u00f5es, promoveram baderna e vandalismo nas instala\u00e7\u00f5es, fazendo picha\u00e7\u00f5es em vidra\u00e7as e paredes. Eles teriam ateado fogo em pneus.<\/p>\n<p>\u201c\u00c9 inadmiss\u00edvel que um grupo, que se diz defensor de causas sociais, ameace e ataque profissionais e meios de comunica\u00e7\u00e3o que cumprem a miss\u00e3o de informar a sociedade sobre assuntos de interesse p\u00fablico\u201d, diz a nota conjunta.<\/p>\n<p>E prosseguiu: \u201cAtos criminosos como este s\u00e3o pr\u00f3prios de grupos extremistas, incapazes de conviver em ambiente democr\u00e1tico, e n\u00e3o pautar\u00e3o os ve\u00edculos de comunica\u00e7\u00e3o brasileiros\u201d.<\/p>\n<p>A Ag\u00eancia Brasil entrou em contato com o Grupo Globo, mas at\u00e9 o momento n\u00e3o obteve manifesta\u00e7\u00e3o oficial da dire\u00e7\u00e3o da empresa. De acordo com funcion\u00e1rios, medidas de precau\u00e7\u00e3o est\u00e3o sendo adotadas em outros edif\u00edcios. Na Rua Marques de Pombal, no centro do Rio de Janeiro, por exemplo, o pr\u00e9dio onde fica a reda\u00e7\u00e3o dos jornais O Globo e Extra, a portaria foi fechada.<\/p>\n<p>Fonte: Ag\u00eancia Brasil<\/p>\n","protected":false},"excerpt":{"rendered":"<p>Em ato programado para o Dia Internacional da Mulher, integrantes do Movimento dos Trabalhadores Rurais Sem Terra (MST) invadiram nessa quinta-feira, 8, &nbsp;pela manh\u00e3 o parque gr\u00e1fico do Grupo Globo. O complexo se localiza na Rodovia Washington Lu\u00edz, em Duque de Caxias, na Baixada fluminense. A invas\u00e3o come\u00e7ou cedo. De acordo com informa\u00e7\u00f5es do MST, [&hellip;]<\/p>\n","protected":false},"author":96,"featured_media":93423,"comment_status":"closed","ping_status":"closed","sticky":false,"template":"","format":"standard","meta":{"footnotes":""},"categories":[302],"tags":[],"class_list":["post-93424","post","type-post","status-publish","format-standard","has-post-thumbnail","hentry","category-brasil-mundo"],"_links":{"self":[{"href":"https:\/\/diarioregionaldigital.com.br\/index.php?rest_route=\/wp\/v2\/posts\/93424","targetHints":{"allow":["GET"]}}],"collection":[{"href":"https:\/\/diarioregionaldigital.com.br\/index.php?rest_route=\/wp\/v2\/posts"}],"about":[{"href":"https:\/\/diarioregionaldigital.com.br\/index.php?rest_route=\/wp\/v2\/types\/post"}],"author":[{"embeddable":true,"href":"https:\/\/diarioregionaldigital.com.br\/index.php?rest_route=\/wp\/v2\/users\/96"}],"replies":[{"embeddable":true,"href":"https:\/\/diarioregionaldigital.com.br\/index.php?rest_route=%2Fwp%2Fv2%2Fcomments&post=93424"}],"version-history":[{"count":0,"href":"https:\/\/diarioregionaldigital.com.br\/index.php?rest_route=\/wp\/v2\/posts\/93424\/revisions"}],"wp:featuredmedia":[{"embeddable":true,"href":"https:\/\/diarioregionaldigital.com.br\/index.php?rest_route=\/wp\/v2\/media\/93423"}],"wp:attachment":[{"href":"https:\/\/diarioregionaldigital.com.br\/index.php?rest_route=%2Fwp%2Fv2%2Fmedia&parent=93424"}],"wp:term":[{"taxonomy":"category","embeddable":true,"href":"https:\/\/diarioregionaldigital.com.br\/index.php?rest_route=%2Fwp%2Fv2%2Fcategories&post=93424"},{"taxonomy":"post_tag","embeddable":true,"href":"https:\/\/diarioregionaldigital.com.br\/index.php?rest_route=%2Fwp%2Fv2%2Ftags&post=93424"}],"curies":[{"name":"wp","href":"https:\/\/api.w.org\/{rel}","templated":true}]}}