{"id":93418,"date":"2018-03-08T18:24:17","date_gmt":"2018-03-08T21:24:17","guid":{"rendered":"http:\/\/diarioregionaljf.com.br\/2018\/03\/08\/dois-sao-detidos-por-trafico-de-drogas-no-centro\/"},"modified":"2018-03-08T18:24:17","modified_gmt":"2018-03-08T21:24:17","slug":"dois-sao-detidos-por-trafico-de-drogas-no-centro","status":"publish","type":"post","link":"https:\/\/diarioregionaldigital.com.br\/?p=93418","title":{"rendered":"Dois s\u00e3o detidos por tr\u00e1fico de drogas no Centro"},"content":{"rendered":"<p>Um adolescente de 14 anos e um homem de 25 foram detidos pela Pol\u00edcia Militar (PM) por envolvimento com o tr\u00e1fico de drogas, no centro de Juiz de Fora, na noite dessa quarta-feira, 7.<\/p>\n<p>De acordo com o Boletim de Ocorr\u00eancia (BO), os autores foram abordados durante batida policial em um im\u00f3vel na Rua Jos\u00e9 Calil Ahouagi. Durante varredura pelo local, foram apreendidos 50 pedras de crack e a quantia de R$70 em dinheiro.<\/p>\n<p>Os autores foram detidos e encontram-se \u00e0 disposi\u00e7\u00e3o da autoridade de pol\u00edcia judici\u00e1ria.<\/p>\n","protected":false},"excerpt":{"rendered":"<p>Um adolescente de 14 anos e um homem de 25 foram detidos pela Pol\u00edcia Militar (PM) por envolvimento com o tr\u00e1fico de drogas, no centro de Juiz de Fora, na noite dessa quarta-feira, 7. De acordo com o Boletim de Ocorr\u00eancia (BO), os autores foram abordados durante batida policial em um im\u00f3vel na Rua Jos\u00e9 [&hellip;]<\/p>\n","protected":false},"author":96,"featured_media":93417,"comment_status":"closed","ping_status":"closed","sticky":false,"template":"","format":"standard","meta":{"footnotes":""},"categories":[301],"tags":[],"class_list":["post-93418","post","type-post","status-publish","format-standard","has-post-thumbnail","hentry","category-artigos-policiais"],"_links":{"self":[{"href":"https:\/\/diarioregionaldigital.com.br\/index.php?rest_route=\/wp\/v2\/posts\/93418","targetHints":{"allow":["GET"]}}],"collection":[{"href":"https:\/\/diarioregionaldigital.com.br\/index.php?rest_route=\/wp\/v2\/posts"}],"about":[{"href":"https:\/\/diarioregionaldigital.com.br\/index.php?rest_route=\/wp\/v2\/types\/post"}],"author":[{"embeddable":true,"href":"https:\/\/diarioregionaldigital.com.br\/index.php?rest_route=\/wp\/v2\/users\/96"}],"replies":[{"embeddable":true,"href":"https:\/\/diarioregionaldigital.com.br\/index.php?rest_route=%2Fwp%2Fv2%2Fcomments&post=93418"}],"version-history":[{"count":0,"href":"https:\/\/diarioregionaldigital.com.br\/index.php?rest_route=\/wp\/v2\/posts\/93418\/revisions"}],"wp:featuredmedia":[{"embeddable":true,"href":"https:\/\/diarioregionaldigital.com.br\/index.php?rest_route=\/wp\/v2\/media\/93417"}],"wp:attachment":[{"href":"https:\/\/diarioregionaldigital.com.br\/index.php?rest_route=%2Fwp%2Fv2%2Fmedia&parent=93418"}],"wp:term":[{"taxonomy":"category","embeddable":true,"href":"https:\/\/diarioregionaldigital.com.br\/index.php?rest_route=%2Fwp%2Fv2%2Fcategories&post=93418"},{"taxonomy":"post_tag","embeddable":true,"href":"https:\/\/diarioregionaldigital.com.br\/index.php?rest_route=%2Fwp%2Fv2%2Ftags&post=93418"}],"curies":[{"name":"wp","href":"https:\/\/api.w.org\/{rel}","templated":true}]}}