{"id":93416,"date":"2018-03-08T18:19:46","date_gmt":"2018-03-08T21:19:46","guid":{"rendered":"http:\/\/diarioregionaljf.com.br\/2018\/03\/08\/secretario-geral-defende-mais-poder-para-as-mulheres-e-da-o-exemplo-na-onu\/"},"modified":"2018-03-08T18:19:46","modified_gmt":"2018-03-08T21:19:46","slug":"secretario-geral-defende-mais-poder-para-as-mulheres-e-da-o-exemplo-na-onu","status":"publish","type":"post","link":"https:\/\/diarioregionaldigital.com.br\/?p=93416","title":{"rendered":"Secret\u00e1rio-geral defende mais poder para as mulheres e d\u00e1 o exemplo na ONU"},"content":{"rendered":"<p>Em mensagem pelo Dia Internacional da Mulher, o secret\u00e1rio-geral das Na\u00e7\u00f5es Unidas, Ant\u00f3nio Guterres, defendeu um maior \u201cempoderamento das mulheres, em um mundo que \u00e9 dominado por homens e tem uma cultura comandada por eles\u201d. Segundo ele, isto \u00e9 verdade \u201cem governos, administra\u00e7\u00f5es p\u00fablicas, no setor privado, mas tamb\u00e9m em organiza\u00e7\u00f5es internacionais como a ONU.\u201d A informa\u00e7\u00e3o \u00e9 da ONU News<\/p>\n<p>Desde que assumiu o posto, Guterres fez da igualdade de g\u00eanero e do \u201cempoderamento das mulheres\u201d um dos temas centrais da propostas de reforma da ONU.<\/p>\n<p>Neste Dia Internacional da Mulher, ele gravou uma mensagem de v\u00eddeo onde faz uma reflex\u00e3o sobre as mudan\u00e7as necess\u00e1rias para que mulheres e homens possam estar em p\u00e9 de igualdade em todos os aspectos da sociedade.<\/p>\n<h4>&nbsp;<\/h4>\n<h4>APLICA\u00c7\u00c3O PR\u00c1TICA,N\u00c3O DISCURSO VAZIO<\/h4>\n<p>Mais do que um simples discurso, a mensagem de Guterres encontra eco em a\u00e7\u00f5es efetivas adotadas por ele desde que assumiu o posto de l\u00edder das Na\u00e7\u00f5es Unidas. Atualmente, a ONU tem mais mulheres do que homens no seu grupo de lideran\u00e7a, o gabinete do secret\u00e1rio-geral. A vice-chefe da organiza\u00e7\u00e3o \u00e9 uma mulher, a nigeriana Amina Mohammed, e a chefe de gabinete tamb\u00e9m, a embaixadora brasileira Maria Luiza Ribeiro Viotti.<\/p>\n<p>Segundo Ant\u00f3nio Guterres, esta mudan\u00e7a \u201cser\u00e1 um instrumento chave\u201d para que a ONU possa combater \u201cabuso e explora\u00e7\u00e3o sexuais com toler\u00e2ncia zero, combater o ass\u00e9dio sexual\u201d e garantir a cria\u00e7\u00e3o de \u201cuma organiza\u00e7\u00e3o na qual mulheres e homens possam trabalhar juntos em plena igualdade.\u201d<\/p>\n<p>O secret\u00e1rio-geral diz estar convencido de que a paridade de g\u00eanero dentro da ONU ir\u00e1 \u201ccontribuir para um mundo onde mulheres e homens possam tamb\u00e9m estar em igualdade total.\u201d<\/p>\n<p>Fonte: Ag\u00eancia Brasil<\/p>\n","protected":false},"excerpt":{"rendered":"<p>Em mensagem pelo Dia Internacional da Mulher, o secret\u00e1rio-geral das Na\u00e7\u00f5es Unidas, Ant\u00f3nio Guterres, defendeu um maior \u201cempoderamento das mulheres, em um mundo que \u00e9 dominado por homens e tem uma cultura comandada por eles\u201d. Segundo ele, isto \u00e9 verdade \u201cem governos, administra\u00e7\u00f5es p\u00fablicas, no setor privado, mas tamb\u00e9m em organiza\u00e7\u00f5es internacionais como a ONU.\u201d [&hellip;]<\/p>\n","protected":false},"author":96,"featured_media":93415,"comment_status":"closed","ping_status":"closed","sticky":false,"template":"","format":"standard","meta":{"footnotes":""},"categories":[302],"tags":[],"class_list":["post-93416","post","type-post","status-publish","format-standard","has-post-thumbnail","hentry","category-brasil-mundo"],"_links":{"self":[{"href":"https:\/\/diarioregionaldigital.com.br\/index.php?rest_route=\/wp\/v2\/posts\/93416","targetHints":{"allow":["GET"]}}],"collection":[{"href":"https:\/\/diarioregionaldigital.com.br\/index.php?rest_route=\/wp\/v2\/posts"}],"about":[{"href":"https:\/\/diarioregionaldigital.com.br\/index.php?rest_route=\/wp\/v2\/types\/post"}],"author":[{"embeddable":true,"href":"https:\/\/diarioregionaldigital.com.br\/index.php?rest_route=\/wp\/v2\/users\/96"}],"replies":[{"embeddable":true,"href":"https:\/\/diarioregionaldigital.com.br\/index.php?rest_route=%2Fwp%2Fv2%2Fcomments&post=93416"}],"version-history":[{"count":0,"href":"https:\/\/diarioregionaldigital.com.br\/index.php?rest_route=\/wp\/v2\/posts\/93416\/revisions"}],"wp:featuredmedia":[{"embeddable":true,"href":"https:\/\/diarioregionaldigital.com.br\/index.php?rest_route=\/wp\/v2\/media\/93415"}],"wp:attachment":[{"href":"https:\/\/diarioregionaldigital.com.br\/index.php?rest_route=%2Fwp%2Fv2%2Fmedia&parent=93416"}],"wp:term":[{"taxonomy":"category","embeddable":true,"href":"https:\/\/diarioregionaldigital.com.br\/index.php?rest_route=%2Fwp%2Fv2%2Fcategories&post=93416"},{"taxonomy":"post_tag","embeddable":true,"href":"https:\/\/diarioregionaldigital.com.br\/index.php?rest_route=%2Fwp%2Fv2%2Ftags&post=93416"}],"curies":[{"name":"wp","href":"https:\/\/api.w.org\/{rel}","templated":true}]}}