{"id":93410,"date":"2018-03-08T17:46:08","date_gmt":"2018-03-08T20:46:08","guid":{"rendered":"http:\/\/diarioregionaljf.com.br\/2018\/03\/08\/jovem-e-assaltado-por-dupla-armada-ao-chegar-em-casa\/"},"modified":"2018-03-08T17:46:08","modified_gmt":"2018-03-08T20:46:08","slug":"jovem-e-assaltado-por-dupla-armada-ao-chegar-em-casa","status":"publish","type":"post","link":"https:\/\/diarioregionaldigital.com.br\/?p=93410","title":{"rendered":"Jovem \u00e9 assaltado por dupla armada ao chegar em casa"},"content":{"rendered":"<p>Um jovem de 21 anos foi assaltado enquanto chegava em casa na noite desta ter\u00e7a-feira, 7, no bairro Paineiras, regi\u00e3o central.<\/p>\n<p>De acordo com o registro de ocorr\u00eancias, o jovem chegava a sua resid\u00eancia na Rua Monsenhor Nogueira quando foi surpreendido por dois indiv\u00edduos armados.<\/p>\n<p>Os autores apontaram as armas para a v\u00edtima e roubaram diversos documentos. Ap\u00f3s a a\u00e7\u00e3o fugiram.<\/p>\n<p>A PM foi acionada, realizou buscas, mas nenhum suspeito foi encontrado.<\/p>\n","protected":false},"excerpt":{"rendered":"<p>Um jovem de 21 anos foi assaltado enquanto chegava em casa na noite desta ter\u00e7a-feira, 7, no bairro Paineiras, regi\u00e3o central. De acordo com o registro de ocorr\u00eancias, o jovem chegava a sua resid\u00eancia na Rua Monsenhor Nogueira quando foi surpreendido por dois indiv\u00edduos armados. Os autores apontaram as armas para a v\u00edtima e roubaram [&hellip;]<\/p>\n","protected":false},"author":96,"featured_media":93409,"comment_status":"closed","ping_status":"closed","sticky":false,"template":"","format":"standard","meta":{"footnotes":""},"categories":[301],"tags":[],"class_list":["post-93410","post","type-post","status-publish","format-standard","has-post-thumbnail","hentry","category-artigos-policiais"],"_links":{"self":[{"href":"https:\/\/diarioregionaldigital.com.br\/index.php?rest_route=\/wp\/v2\/posts\/93410","targetHints":{"allow":["GET"]}}],"collection":[{"href":"https:\/\/diarioregionaldigital.com.br\/index.php?rest_route=\/wp\/v2\/posts"}],"about":[{"href":"https:\/\/diarioregionaldigital.com.br\/index.php?rest_route=\/wp\/v2\/types\/post"}],"author":[{"embeddable":true,"href":"https:\/\/diarioregionaldigital.com.br\/index.php?rest_route=\/wp\/v2\/users\/96"}],"replies":[{"embeddable":true,"href":"https:\/\/diarioregionaldigital.com.br\/index.php?rest_route=%2Fwp%2Fv2%2Fcomments&post=93410"}],"version-history":[{"count":0,"href":"https:\/\/diarioregionaldigital.com.br\/index.php?rest_route=\/wp\/v2\/posts\/93410\/revisions"}],"wp:featuredmedia":[{"embeddable":true,"href":"https:\/\/diarioregionaldigital.com.br\/index.php?rest_route=\/wp\/v2\/media\/93409"}],"wp:attachment":[{"href":"https:\/\/diarioregionaldigital.com.br\/index.php?rest_route=%2Fwp%2Fv2%2Fmedia&parent=93410"}],"wp:term":[{"taxonomy":"category","embeddable":true,"href":"https:\/\/diarioregionaldigital.com.br\/index.php?rest_route=%2Fwp%2Fv2%2Fcategories&post=93410"},{"taxonomy":"post_tag","embeddable":true,"href":"https:\/\/diarioregionaldigital.com.br\/index.php?rest_route=%2Fwp%2Fv2%2Ftags&post=93410"}],"curies":[{"name":"wp","href":"https:\/\/api.w.org\/{rel}","templated":true}]}}